{"id":32169,"date":"2025-12-23T11:53:15","date_gmt":"2025-12-23T14:53:15","guid":{"rendered":"https:\/\/impactodenoticias.com.ar\/?p=32169"},"modified":"2025-12-26T11:05:44","modified_gmt":"2025-12-26T14:05:44","slug":"parana-los-beneficios-del-boleto-estudiantil-y-docente-siguen-vigentes-hasta-marzo","status":"publish","type":"post","link":"https:\/\/impactodenoticias.com.ar\/?p=32169","title":{"rendered":"Paran\u00e1: los beneficios del Boleto Estudiantil y Docente siguen vigentes hasta marzo"},"content":{"rendered":"\n<h2 class=\"wp-block-heading\">El boleto combinado se puede utilizar en todas las l\u00edneas urbanas, en el lapso de una hora y tiene validez para tarifa plana, boletos obrero y jubilado. En febrero se anunciar\u00e1 la fecha de comienzo del operativo de validaci\u00f3n del beneficio.<\/h2>\n\n\n\n<p>La Municipalidad, a trav\u00e9s de la Unidad de Gesti\u00f3n Sube Paran\u00e1, inform\u00f3 que los beneficios del Boleto Estudiantil y Docente seguir\u00e1n vigentes hasta marzo, aunque se indic\u00f3 que en febrero se anunciar\u00e1 la fecha de comienzo del operativo de validaci\u00f3n del beneficio.<\/p>\n\n\n\n<p>En cuanto al boleto combinado, los usuarios deber\u00e1n tener en cuenta que el pasaje queda abierto 60 minutos y en ese per\u00edodo deben abordar otra unidad de una l\u00ednea distinta y el sistema le aplicar\u00e1 el descuento del 100% en el segundo pago.<\/p>\n\n\n\n<p>Vale aclarar que cuando el pasajero asciende a un colectivo, deben transcurrir 15 minutos para realizar la combinaci\u00f3n con otra l\u00ednea, aplic\u00e1ndose autom\u00e1ticamente el beneficio.<\/p>\n\n\n\n<p>Se trata de una prestaci\u00f3n que puede abonarse \u00fanicamente con el Sistema \u00danico de Boleto Electr\u00f3nico (SUBE).<\/p>\n\n\n\n<p>El boleto combinado alcanza a usuarios que abonan tarifa plana, as\u00ed como tambi\u00e9n a los boletos obrero y jubilado.<\/p>\n","protected":false},"excerpt":{"rendered":"<p>El boleto combinado se puede utilizar en todas las l&iacute;neas urbanas, en el lapso de una hora y tiene validez para tarifa plana, boletos obrero y jubilado. En febrero se anunciar&aacute; la fecha de comienzo del operativo de validaci&oacute;n del beneficio. La Municipalidad, a trav&eacute;s de la Unidad de Gesti&oacute;n Sube Paran&aacute;, inform&oacute; que los [&hellip;]<\/p>\n","protected":false},"author":2,"featured_media":32170,"comment_status":"closed","ping_status":"closed","sticky":false,"template":"","format":"standard","meta":{"footnotes":""},"categories":[3,1902,49],"tags":[1357,1046,95],"class_list":["post-32169","post","type-post","status-publish","format-standard","has-post-thumbnail","hentry","category-locales","category-municipales","category-sociedad","tag-boleto","tag-estudiantil","tag-parana"],"_links":{"self":[{"href":"https:\/\/impactodenoticias.com.ar\/index.php?rest_route=\/wp\/v2\/posts\/32169","targetHints":{"allow":["GET"]}}],"collection":[{"href":"https:\/\/impactodenoticias.com.ar\/index.php?rest_route=\/wp\/v2\/posts"}],"about":[{"href":"https:\/\/impactodenoticias.com.ar\/index.php?rest_route=\/wp\/v2\/types\/post"}],"author":[{"embeddable":true,"href":"https:\/\/impactodenoticias.com.ar\/index.php?rest_route=\/wp\/v2\/users\/2"}],"replies":[{"embeddable":true,"href":"https:\/\/impactodenoticias.com.ar\/index.php?rest_route=%2Fwp%2Fv2%2Fcomments&post=32169"}],"version-history":[{"count":1,"href":"https:\/\/impactodenoticias.com.ar\/index.php?rest_route=\/wp\/v2\/posts\/32169\/revisions"}],"predecessor-version":[{"id":32171,"href":"https:\/\/impactodenoticias.com.ar\/index.php?rest_route=\/wp\/v2\/posts\/32169\/revisions\/32171"}],"wp:featuredmedia":[{"embeddable":true,"href":"https:\/\/impactodenoticias.com.ar\/index.php?rest_route=\/wp\/v2\/media\/32170"}],"wp:attachment":[{"href":"https:\/\/impactodenoticias.com.ar\/index.php?rest_route=%2Fwp%2Fv2%2Fmedia&parent=32169"}],"wp:term":[{"taxonomy":"category","embeddable":true,"href":"https:\/\/impactodenoticias.com.ar\/index.php?rest_route=%2Fwp%2Fv2%2Fcategories&post=32169"},{"taxonomy":"post_tag","embeddable":true,"href":"https:\/\/impactodenoticias.com.ar\/index.php?rest_route=%2Fwp%2Fv2%2Ftags&post=32169"}],"curies":[{"name":"wp","href":"https:\/\/api.w.org\/{rel}","templated":true}]}}