{"id":32178,"date":"2025-12-24T09:39:38","date_gmt":"2025-12-24T12:39:38","guid":{"rendered":"https:\/\/impactodenoticias.com.ar\/?p=32178"},"modified":"2025-12-24T09:39:38","modified_gmt":"2025-12-24T12:39:38","slug":"parana-una-madre-denuncio-a-su-hijo-de-50-anos-por-agredirla-y-echarla-de-su-propia-casa","status":"publish","type":"post","link":"https:\/\/impactodenoticias.com.ar\/?p=32178","title":{"rendered":"Paran\u00e1: una madre denunci\u00f3 a su hijo de 50 a\u00f1os por agredirla y echarla de su propia casa"},"content":{"rendered":"\n<h2 class=\"wp-block-heading\">En la previa de la Navidad, unamujer de 73 a\u00f1os denunci\u00f3 que el hijo hasta cambi\u00f3 el candado de la puerta y la dej\u00f3 fuera de su hogar.<\/h2>\n\n\n\n<p>En horas de la madrugada, una mujer de 73 a\u00f1os se present\u00f3 en la Comisar\u00eda Decimos\u00e9ptima de Paran\u00e1 pidiendo ayuda. La v\u00edctima denunci\u00f3 que su hijo, de 50 a\u00f1os, la hab\u00eda agredido f\u00edsicamente, la hab\u00eda echado de su domicilio y posteriormente le hab\u00eda cambiado el candado de la puerta.<\/p>\n\n\n\n<p>Ante la gravedad de los hechos, los funcionarios policiales fueron con la mujer hasta su vivienda, ubicada en calle Sauce de Luna. Luego de constatar la veracidad de la situaci\u00f3n, prdemoraron al sujeto.<\/p>\n\n\n\n<p>Se dio intervenci\u00f3n al fiscal en turno, quien dispuso la detenci\u00f3n del individuo y su traslado a la Alcaid\u00eda de Tribunales, quedando a disposici\u00f3n de la Justicia.<\/p>\n","protected":false},"excerpt":{"rendered":"<p>En la previa de la Navidad, unamujer de 73 a&ntilde;os denunci&oacute; que el hijo hasta cambi&oacute; el candado de la puerta y la dej&oacute; fuera de su hogar. En horas de la madrugada, una mujer de 73 a&ntilde;os se present&oacute; en la Comisar&iacute;a Decimos&eacute;ptima de Paran&aacute; pidiendo ayuda. La v&iacute;ctima denunci&oacute; que su hijo, de [&hellip;]<\/p>\n","protected":false},"author":2,"featured_media":32179,"comment_status":"closed","ping_status":"closed","sticky":false,"template":"","format":"standard","meta":{"footnotes":""},"categories":[3,8],"tags":[1785,175,434,95],"class_list":["post-32178","post","type-post","status-publish","format-standard","has-post-thumbnail","hentry","category-locales","category-policiales","tag-agresion","tag-detenido","tag-madre","tag-parana"],"_links":{"self":[{"href":"https:\/\/impactodenoticias.com.ar\/index.php?rest_route=\/wp\/v2\/posts\/32178","targetHints":{"allow":["GET"]}}],"collection":[{"href":"https:\/\/impactodenoticias.com.ar\/index.php?rest_route=\/wp\/v2\/posts"}],"about":[{"href":"https:\/\/impactodenoticias.com.ar\/index.php?rest_route=\/wp\/v2\/types\/post"}],"author":[{"embeddable":true,"href":"https:\/\/impactodenoticias.com.ar\/index.php?rest_route=\/wp\/v2\/users\/2"}],"replies":[{"embeddable":true,"href":"https:\/\/impactodenoticias.com.ar\/index.php?rest_route=%2Fwp%2Fv2%2Fcomments&post=32178"}],"version-history":[{"count":1,"href":"https:\/\/impactodenoticias.com.ar\/index.php?rest_route=\/wp\/v2\/posts\/32178\/revisions"}],"predecessor-version":[{"id":32180,"href":"https:\/\/impactodenoticias.com.ar\/index.php?rest_route=\/wp\/v2\/posts\/32178\/revisions\/32180"}],"wp:featuredmedia":[{"embeddable":true,"href":"https:\/\/impactodenoticias.com.ar\/index.php?rest_route=\/wp\/v2\/media\/32179"}],"wp:attachment":[{"href":"https:\/\/impactodenoticias.com.ar\/index.php?rest_route=%2Fwp%2Fv2%2Fmedia&parent=32178"}],"wp:term":[{"taxonomy":"category","embeddable":true,"href":"https:\/\/impactodenoticias.com.ar\/index.php?rest_route=%2Fwp%2Fv2%2Fcategories&post=32178"},{"taxonomy":"post_tag","embeddable":true,"href":"https:\/\/impactodenoticias.com.ar\/index.php?rest_route=%2Fwp%2Fv2%2Ftags&post=32178"}],"curies":[{"name":"wp","href":"https:\/\/api.w.org\/{rel}","templated":true}]}}