{"id":32181,"date":"2025-12-24T09:44:35","date_gmt":"2025-12-24T12:44:35","guid":{"rendered":"https:\/\/impactodenoticias.com.ar\/?p=32181"},"modified":"2025-12-24T09:44:35","modified_gmt":"2025-12-24T12:44:35","slug":"autovia-12-se-registro-un-impactante-accidente-vial","status":"publish","type":"post","link":"https:\/\/impactodenoticias.com.ar\/?p=32181","title":{"rendered":"Autov\u00eda 12: se registr\u00f3 un impactante accidente vial"},"content":{"rendered":"\n<h2 class=\"wp-block-heading\">El conductor de un Chevrolet Corse, impact\u00f3 violentamenmte contra el guardarrail del cantero central, el siniestro vial se produjo esta ma\u00f1ana, luego que el conductor perdiera el control del veh\u00edculo mientras circulaba por la Autov\u00eda Nacional N\u00b0 12.<\/h2>\n\n\n\n<p>El fuerte choque ocurri\u00f3 aproximadamente a las 06:50 de este mi\u00e9rcoles, a la altura del kil\u00f3metro 130. El autom\u00f3vil, guiado por un joven de 23 a\u00f1os oriundo de Federal, transitaba en sentido Entre R\u00edos a Buenos Aires (con destino final en Merlo) cuando sucedi\u00f3 el siniestro vial.<\/p>\n\n\n\n<p>A pesar de la violencia del choque y de c\u00f3mo qued\u00f3 posicionado el veh\u00edculo contra la estructura met\u00e1lica, el conductor no sufri\u00f3 heridas de considereaci\u00f3n. Personal de emergencias confirm\u00f3 en el lugar que el joven no presentaba lesiones.<\/p>\n\n\n\n<p>Una dotaci\u00f3n de Bomberos Voluntarios de Ceibas (M\u00f3vil 24), se hizo presente r\u00e1pidamente al lugar para asistir y asegurar la zona. Trabajaron en conjunto con efectivos de la Polic\u00eda Caminera (Puestos Brazo Largo y Empalme).<\/p>\n\n\n\n<p>Poco despu\u00e9s un auxilio mec\u00e1nico particular retir\u00f3 el rodado hacia una zona segura, permitiendo que la circulaci\u00f3n se normalizara pasadas las 08:00.<\/p>\n","protected":false},"excerpt":{"rendered":"<p>El conductor de un Chevrolet Corse, impact&oacute; violentamenmte contra el guardarrail del cantero central, el siniestro vial se produjo esta ma&ntilde;ana, luego que el conductor perdiera el control del veh&iacute;culo mientras circulaba por la Autov&iacute;a Nacional N&deg; 12. El fuerte choque ocurri&oacute; aproximadamente a las 06:50 de este mi&eacute;rcoles, a la altura del kil&oacute;metro 130. [&hellip;]<\/p>\n","protected":false},"author":2,"featured_media":32182,"comment_status":"closed","ping_status":"closed","sticky":false,"template":"","format":"standard","meta":{"footnotes":""},"categories":[8,4],"tags":[120,4568],"class_list":["post-32181","post","type-post","status-publish","format-standard","has-post-thumbnail","hentry","category-policiales","category-provinciales","tag-accidente","tag-autovia-12"],"_links":{"self":[{"href":"https:\/\/impactodenoticias.com.ar\/index.php?rest_route=\/wp\/v2\/posts\/32181","targetHints":{"allow":["GET"]}}],"collection":[{"href":"https:\/\/impactodenoticias.com.ar\/index.php?rest_route=\/wp\/v2\/posts"}],"about":[{"href":"https:\/\/impactodenoticias.com.ar\/index.php?rest_route=\/wp\/v2\/types\/post"}],"author":[{"embeddable":true,"href":"https:\/\/impactodenoticias.com.ar\/index.php?rest_route=\/wp\/v2\/users\/2"}],"replies":[{"embeddable":true,"href":"https:\/\/impactodenoticias.com.ar\/index.php?rest_route=%2Fwp%2Fv2%2Fcomments&post=32181"}],"version-history":[{"count":1,"href":"https:\/\/impactodenoticias.com.ar\/index.php?rest_route=\/wp\/v2\/posts\/32181\/revisions"}],"predecessor-version":[{"id":32183,"href":"https:\/\/impactodenoticias.com.ar\/index.php?rest_route=\/wp\/v2\/posts\/32181\/revisions\/32183"}],"wp:featuredmedia":[{"embeddable":true,"href":"https:\/\/impactodenoticias.com.ar\/index.php?rest_route=\/wp\/v2\/media\/32182"}],"wp:attachment":[{"href":"https:\/\/impactodenoticias.com.ar\/index.php?rest_route=%2Fwp%2Fv2%2Fmedia&parent=32181"}],"wp:term":[{"taxonomy":"category","embeddable":true,"href":"https:\/\/impactodenoticias.com.ar\/index.php?rest_route=%2Fwp%2Fv2%2Fcategories&post=32181"},{"taxonomy":"post_tag","embeddable":true,"href":"https:\/\/impactodenoticias.com.ar\/index.php?rest_route=%2Fwp%2Fv2%2Ftags&post=32181"}],"curies":[{"name":"wp","href":"https:\/\/api.w.org\/{rel}","templated":true}]}}