{"id":32184,"date":"2025-12-24T09:53:55","date_gmt":"2025-12-24T12:53:55","guid":{"rendered":"https:\/\/impactodenoticias.com.ar\/?p=32184"},"modified":"2025-12-24T09:53:55","modified_gmt":"2025-12-24T12:53:55","slug":"tragedia-en-federacion-fellecio-el-nino-de-3-anos-que-se-habia-ahogado-en-las-termas","status":"publish","type":"post","link":"https:\/\/impactodenoticias.com.ar\/?p=32184","title":{"rendered":"Tragedia en Federaci\u00f3n: felleci\u00f3 el ni\u00f1o de 3 a\u00f1os que se hab\u00eda ahogado en las termas"},"content":{"rendered":"\n<h2 class=\"wp-block-heading\">Se confirm\u00f3 en horas de la noche de este martes la triste noticia del fallecimiento de Kyllian Donatto Lencina, el ni\u00f1o de 3 a\u00f1os que permanec\u00eda internado en estado cr\u00edtico luego de haber sufrido el ahogamiento en una pileta del parque termal de la ciudad de Federaci\u00f3n.<\/h2>\n\n\n\n<p>El peque\u00f1o se encontraba internado en la Unidad de Terapia Intensiva del Hospital Delicia Concepci\u00f3n Masvernat de Concordia, nosocomio donde hab\u00eda sido derivado debido a la gravedad de su cuadro cl\u00ednico.<\/p>\n\n\n\n<p>De acuerdo al parte m\u00e9dico, presentaba un edema cerebral severo, con signos compatibles de hipoxia e isquemia cerebral, y un pron\u00f3stico que desde un principio fue considerado desfavorable.<\/p>\n\n\n\n<p><\/p>\n\n\n\n<figure class=\"wp-block-image size-full\"><img loading=\"lazy\" decoding=\"async\" width=\"646\" height=\"815\" src=\"https:\/\/impactodenoticias.com.ar\/wp-content\/uploads\/2025\/12\/Federacion-Murio-Nene.webp\" alt=\"\" class=\"wp-image-32185\" srcset=\"https:\/\/impactodenoticias.com.ar\/wp-content\/uploads\/2025\/12\/Federacion-Murio-Nene.webp 646w, https:\/\/impactodenoticias.com.ar\/wp-content\/uploads\/2025\/12\/Federacion-Murio-Nene-238x300.webp 238w\" sizes=\"auto, (max-width: 646px) 100vw, 646px\" \/><\/figure>\n\n\n\n<p><\/p>\n\n\n\n<p>A pesar de los denodados esfuerzos del personal m\u00e9dico y a los tratamientos de alta complejidad realizados, durante la noche de este martes se confirm\u00f3 el fallecimiento del menor.<\/p>\n","protected":false},"excerpt":{"rendered":"<p>Se confirm&oacute; en horas de la noche de este martes la triste noticia del fallecimiento de Kyllian Donatto Lencina, el ni&ntilde;o de 3 a&ntilde;os que permanec&iacute;a internado en estado cr&iacute;tico luego de haber sufrido el ahogamiento en una pileta del parque termal de la ciudad de Federaci&oacute;n. El peque&ntilde;o se encontraba internado en la Unidad [&hellip;]<\/p>\n","protected":false},"author":2,"featured_media":32186,"comment_status":"closed","ping_status":"closed","sticky":false,"template":"","format":"standard","meta":{"footnotes":""},"categories":[8,4],"tags":[630,272,503,6419],"class_list":["post-32184","post","type-post","status-publish","format-standard","has-post-thumbnail","hentry","category-policiales","category-provinciales","tag-fallecido","tag-federacion","tag-nino","tag-termas"],"_links":{"self":[{"href":"https:\/\/impactodenoticias.com.ar\/index.php?rest_route=\/wp\/v2\/posts\/32184","targetHints":{"allow":["GET"]}}],"collection":[{"href":"https:\/\/impactodenoticias.com.ar\/index.php?rest_route=\/wp\/v2\/posts"}],"about":[{"href":"https:\/\/impactodenoticias.com.ar\/index.php?rest_route=\/wp\/v2\/types\/post"}],"author":[{"embeddable":true,"href":"https:\/\/impactodenoticias.com.ar\/index.php?rest_route=\/wp\/v2\/users\/2"}],"replies":[{"embeddable":true,"href":"https:\/\/impactodenoticias.com.ar\/index.php?rest_route=%2Fwp%2Fv2%2Fcomments&post=32184"}],"version-history":[{"count":1,"href":"https:\/\/impactodenoticias.com.ar\/index.php?rest_route=\/wp\/v2\/posts\/32184\/revisions"}],"predecessor-version":[{"id":32187,"href":"https:\/\/impactodenoticias.com.ar\/index.php?rest_route=\/wp\/v2\/posts\/32184\/revisions\/32187"}],"wp:featuredmedia":[{"embeddable":true,"href":"https:\/\/impactodenoticias.com.ar\/index.php?rest_route=\/wp\/v2\/media\/32186"}],"wp:attachment":[{"href":"https:\/\/impactodenoticias.com.ar\/index.php?rest_route=%2Fwp%2Fv2%2Fmedia&parent=32184"}],"wp:term":[{"taxonomy":"category","embeddable":true,"href":"https:\/\/impactodenoticias.com.ar\/index.php?rest_route=%2Fwp%2Fv2%2Fcategories&post=32184"},{"taxonomy":"post_tag","embeddable":true,"href":"https:\/\/impactodenoticias.com.ar\/index.php?rest_route=%2Fwp%2Fv2%2Ftags&post=32184"}],"curies":[{"name":"wp","href":"https:\/\/api.w.org\/{rel}","templated":true}]}}