{"id":32193,"date":"2025-12-26T10:50:30","date_gmt":"2025-12-26T13:50:30","guid":{"rendered":"https:\/\/impactodenoticias.com.ar\/?p=32193"},"modified":"2025-12-26T10:50:31","modified_gmt":"2025-12-26T13:50:31","slug":"islas-de-ibicuy-buscan-intensamente-a-pesacador-desaparecibo-en-las-aguas-del-rio","status":"publish","type":"post","link":"https:\/\/impactodenoticias.com.ar\/?p=32193","title":{"rendered":"Islas de Ibicuy: buscan intensamente a pesacador desaparecibo en las aguas del r\u00edo"},"content":{"rendered":"\n<h2 class=\"wp-block-heading\">Los servicios de emergencia y fuerzas de seguridad, contin\u00faan con el operativo de b\u00fasqueda para localizar a un hombre de 74 a\u00f1os, quien desapareci\u00f3 el pasado 25 de diciembre mientras pescaba en el departamento Islas.<\/h2>\n\n\n\n<p>El hecho se registr\u00f3 alrededor de las 12 del mi\u00e9rcoles, en el kil\u00f3metro 24 del r\u00edo Guti\u00e9rrez, un sector ubicado a unos 30 kil\u00f3metros de la Ruta Nacional N\u00b0 12. De acuerdo a los primeros informes, el hombre, residente de la localidad de Burzaco (Provincia de Buenos Aires), se encontraba pescando en compa\u00f1\u00eda de otros dos hombres cuando, por causas que a\u00fan se intentan establecer, habr\u00eda ca\u00eddo al r\u00edo.<\/p>\n\n\n\n<p>Luego de recibir el alerta, personal policial de la Jefatura Departamental Islas tom\u00f3 intervenci\u00f3n inmediata en el lugar. Debido a la complejidad de la zona, se coordinaron acciones con efectivos de la Prefectura Naval Argentina con asiento en Villa Paranacito. En las primeras horas se llev\u00f3 a cabo un rastrillaje intensivo por agua y zonas ribere\u00f1as apenas reportada la desaparici\u00f3n.<\/p>\n\n\n\n<p>La polic\u00eda dio a conocer que el operativo se ha reanudado e intensificado durante la jornada de est vienes, sumando recursos para intentar dar con el paradero del pescador. Familiares y allegados del hombre aguardan novedades en la zona, las autoridades mantienen intensa vigilancia sobre el curso del r\u00edo.<\/p>\n","protected":false},"excerpt":{"rendered":"<p>Los servicios de emergencia y fuerzas de seguridad, contin&uacute;an con el operativo de b&uacute;squeda para localizar a un hombre de 74 a&ntilde;os, quien desapareci&oacute; el pasado 25 de diciembre mientras pescaba en el departamento Islas. El hecho se registr&oacute; alrededor de las 12 del mi&eacute;rcoles, en el kil&oacute;metro 24 del r&iacute;o Guti&eacute;rrez, un sector ubicado [&hellip;]<\/p>\n","protected":false},"author":2,"featured_media":32194,"comment_status":"closed","ping_status":"closed","sticky":false,"template":"","format":"standard","meta":{"footnotes":""},"categories":[8,4],"tags":[251,2988,1466,1974,2497],"class_list":["post-32193","post","type-post","status-publish","format-standard","has-post-thumbnail","hentry","category-policiales","category-provinciales","tag-busqueda","tag-desaparecido","tag-islas-de-ibicuy","tag-pescador","tag-rio"],"_links":{"self":[{"href":"https:\/\/impactodenoticias.com.ar\/index.php?rest_route=\/wp\/v2\/posts\/32193","targetHints":{"allow":["GET"]}}],"collection":[{"href":"https:\/\/impactodenoticias.com.ar\/index.php?rest_route=\/wp\/v2\/posts"}],"about":[{"href":"https:\/\/impactodenoticias.com.ar\/index.php?rest_route=\/wp\/v2\/types\/post"}],"author":[{"embeddable":true,"href":"https:\/\/impactodenoticias.com.ar\/index.php?rest_route=\/wp\/v2\/users\/2"}],"replies":[{"embeddable":true,"href":"https:\/\/impactodenoticias.com.ar\/index.php?rest_route=%2Fwp%2Fv2%2Fcomments&post=32193"}],"version-history":[{"count":1,"href":"https:\/\/impactodenoticias.com.ar\/index.php?rest_route=\/wp\/v2\/posts\/32193\/revisions"}],"predecessor-version":[{"id":32195,"href":"https:\/\/impactodenoticias.com.ar\/index.php?rest_route=\/wp\/v2\/posts\/32193\/revisions\/32195"}],"wp:featuredmedia":[{"embeddable":true,"href":"https:\/\/impactodenoticias.com.ar\/index.php?rest_route=\/wp\/v2\/media\/32194"}],"wp:attachment":[{"href":"https:\/\/impactodenoticias.com.ar\/index.php?rest_route=%2Fwp%2Fv2%2Fmedia&parent=32193"}],"wp:term":[{"taxonomy":"category","embeddable":true,"href":"https:\/\/impactodenoticias.com.ar\/index.php?rest_route=%2Fwp%2Fv2%2Fcategories&post=32193"},{"taxonomy":"post_tag","embeddable":true,"href":"https:\/\/impactodenoticias.com.ar\/index.php?rest_route=%2Fwp%2Fv2%2Ftags&post=32193"}],"curies":[{"name":"wp","href":"https:\/\/api.w.org\/{rel}","templated":true}]}}