{"id":32200,"date":"2025-12-26T10:57:56","date_gmt":"2025-12-26T13:57:56","guid":{"rendered":"https:\/\/impactodenoticias.com.ar\/?p=32200"},"modified":"2025-12-26T10:57:56","modified_gmt":"2025-12-26T13:57:56","slug":"victoria-detenido-tras-evadir-un-control-policial","status":"publish","type":"post","link":"https:\/\/impactodenoticias.com.ar\/?p=32200","title":{"rendered":"Victoria: detenido tras evadir un control policial"},"content":{"rendered":"\n<h2 class=\"wp-block-heading\">Un conductor en Victoria fue arerstado luego de evadir controles policiales, conducir a contramano y embestir un patrullero. Tras protagonizar el imprudente episodio, qued\u00f3 a disposici\u00f3n de la Justicia.<\/h2>\n\n\n\n<p>Seg\u00fan se inform\u00f3, el hecho ocurri\u00f3 en calles Paseo de La Costa y Bartoloni, cuando el conductor de un veh\u00edculo evadi\u00f3 un control policial y realiz\u00f3 maniobras peligrosas en la zona de la Costanera.<\/p>\n\n\n\n<p>El individuo manejaba un Peugeot 206, de color azul, y lo hac\u00eda a contramano del sentido de circulaci\u00f3n. Al momento de ser interceptado, se vio rodeado por los m\u00f3viles policiales, hizo marcha atr\u00e1s y colison\u00f3 un patrullero.<\/p>\n\n\n\n<p>El impacto provoc\u00f3 da\u00f1os en en el guardabarros derecho a una unidad perteneciente a la Divisi\u00f3n Investigaciones. Finalmente, el conductor, de 40 a\u00f1os, fue aprehendido por \u201cResistencia a la autoridad y da\u00f1os a bienes del Estado\u201d, quedando alojado en la alcald\u00eda de Jefatura Departamental.<\/p>\n","protected":false},"excerpt":{"rendered":"<p>Un conductor en Victoria fue arerstado luego de evadir controles policiales, conducir a contramano y embestir un patrullero. Tras protagonizar el imprudente episodio, qued&oacute; a disposici&oacute;n de la Justicia. Seg&uacute;n se inform&oacute;, el hecho ocurri&oacute; en calles Paseo de La Costa y Bartoloni, cuando el conductor de un veh&iacute;culo evadi&oacute; un control policial y realiz&oacute; [&hellip;]<\/p>\n","protected":false},"author":2,"featured_media":32201,"comment_status":"closed","ping_status":"closed","sticky":false,"template":"","format":"standard","meta":{"footnotes":""},"categories":[8,4],"tags":[1818,175,6089,6090,568],"class_list":["post-32200","post","type-post","status-publish","format-standard","has-post-thumbnail","hentry","category-policiales","category-provinciales","tag-conductor","tag-detenido","tag-maniobras","tag-peligrosas","tag-victoria"],"_links":{"self":[{"href":"https:\/\/impactodenoticias.com.ar\/index.php?rest_route=\/wp\/v2\/posts\/32200","targetHints":{"allow":["GET"]}}],"collection":[{"href":"https:\/\/impactodenoticias.com.ar\/index.php?rest_route=\/wp\/v2\/posts"}],"about":[{"href":"https:\/\/impactodenoticias.com.ar\/index.php?rest_route=\/wp\/v2\/types\/post"}],"author":[{"embeddable":true,"href":"https:\/\/impactodenoticias.com.ar\/index.php?rest_route=\/wp\/v2\/users\/2"}],"replies":[{"embeddable":true,"href":"https:\/\/impactodenoticias.com.ar\/index.php?rest_route=%2Fwp%2Fv2%2Fcomments&post=32200"}],"version-history":[{"count":1,"href":"https:\/\/impactodenoticias.com.ar\/index.php?rest_route=\/wp\/v2\/posts\/32200\/revisions"}],"predecessor-version":[{"id":32202,"href":"https:\/\/impactodenoticias.com.ar\/index.php?rest_route=\/wp\/v2\/posts\/32200\/revisions\/32202"}],"wp:featuredmedia":[{"embeddable":true,"href":"https:\/\/impactodenoticias.com.ar\/index.php?rest_route=\/wp\/v2\/media\/32201"}],"wp:attachment":[{"href":"https:\/\/impactodenoticias.com.ar\/index.php?rest_route=%2Fwp%2Fv2%2Fmedia&parent=32200"}],"wp:term":[{"taxonomy":"category","embeddable":true,"href":"https:\/\/impactodenoticias.com.ar\/index.php?rest_route=%2Fwp%2Fv2%2Fcategories&post=32200"},{"taxonomy":"post_tag","embeddable":true,"href":"https:\/\/impactodenoticias.com.ar\/index.php?rest_route=%2Fwp%2Fv2%2Ftags&post=32200"}],"curies":[{"name":"wp","href":"https:\/\/api.w.org\/{rel}","templated":true}]}}