{"id":32203,"date":"2025-12-26T11:05:06","date_gmt":"2025-12-26T14:05:06","guid":{"rendered":"https:\/\/impactodenoticias.com.ar\/?p=32203"},"modified":"2025-12-26T11:05:07","modified_gmt":"2025-12-26T14:05:07","slug":"mira-el-video-se-registro-una-gresca-de-grandes-proporciones-en-un-conocido-balneario-de-colon","status":"publish","type":"post","link":"https:\/\/impactodenoticias.com.ar\/?p=32203","title":{"rendered":"MIR\u00c1 EL VIDEO: se registr\u00f3 una gresca de grandes proporciones en un conocido balneario de Col\u00f3n"},"content":{"rendered":"\n<h2 class=\"wp-block-heading\">Se produjo una violenta pelea entre j\u00f3venes en el Balneario Santiago Inkier de la ciudad de Col\u00f3n, ocurri\u00f3 en horas de la madrugada de este jueves de Navidad. El hecho motiv\u00f3 la intervenci\u00f3n de la Polic\u00eda de Entre R\u00edos.<\/h2>\n\n\n\n<p>Hombres y mujeres protagonizaron una gresca generalizada con golpes de pu\u00f1o que oblig\u00f3 a los agentes policiales a intervenir. Seg\u00fan tascendi\u00f3, hubo al menos tres personas demoradas. Varios polic\u00edas resultaron lesionados.<\/p>\n\n\n\n<p>Las im\u00e1genes fueron captadas por un joven que fue testigo del hecho. Las im\u00e1genes se viralizaron r\u00e1pidamente en redes sociales.<\/p>\n\n\n\n<p><\/p>\n\n\n\n<figure class=\"wp-block-video\"><video height=\"850\" style=\"aspect-ratio: 476 \/ 850;\" width=\"476\" controls src=\"https:\/\/impactodenoticias.com.ar\/wp-content\/uploads\/2025\/12\/batalla-campal-entre-rios.mp4\"><\/video><\/figure>\n\n\n\n<p><\/p>\n\n\n\n<p><\/p>\n","protected":false},"excerpt":{"rendered":"<p>Se produjo una violenta pelea entre j&oacute;venes en el Balneario Santiago Inkier de la ciudad de Col&oacute;n, ocurri&oacute; en horas de la madrugada de este jueves de Navidad. El hecho motiv&oacute; la intervenci&oacute;n de la Polic&iacute;a de Entre R&iacute;os. Hombres y mujeres protagonizaron una gresca generalizada con golpes de pu&ntilde;o que oblig&oacute; a los agentes [&hellip;]<\/p>\n","protected":false},"author":2,"featured_media":32205,"comment_status":"closed","ping_status":"closed","sticky":false,"template":"","format":"standard","meta":{"footnotes":""},"categories":[8,4],"tags":[6422,466,138,6421,394],"class_list":["post-32203","post","type-post","status-publish","format-standard","has-post-thumbnail","hentry","category-policiales","category-provinciales","tag-balneario-inkier","tag-colon","tag-detenidos","tag-gresca","tag-heridos"],"_links":{"self":[{"href":"https:\/\/impactodenoticias.com.ar\/index.php?rest_route=\/wp\/v2\/posts\/32203","targetHints":{"allow":["GET"]}}],"collection":[{"href":"https:\/\/impactodenoticias.com.ar\/index.php?rest_route=\/wp\/v2\/posts"}],"about":[{"href":"https:\/\/impactodenoticias.com.ar\/index.php?rest_route=\/wp\/v2\/types\/post"}],"author":[{"embeddable":true,"href":"https:\/\/impactodenoticias.com.ar\/index.php?rest_route=\/wp\/v2\/users\/2"}],"replies":[{"embeddable":true,"href":"https:\/\/impactodenoticias.com.ar\/index.php?rest_route=%2Fwp%2Fv2%2Fcomments&post=32203"}],"version-history":[{"count":1,"href":"https:\/\/impactodenoticias.com.ar\/index.php?rest_route=\/wp\/v2\/posts\/32203\/revisions"}],"predecessor-version":[{"id":32206,"href":"https:\/\/impactodenoticias.com.ar\/index.php?rest_route=\/wp\/v2\/posts\/32203\/revisions\/32206"}],"wp:featuredmedia":[{"embeddable":true,"href":"https:\/\/impactodenoticias.com.ar\/index.php?rest_route=\/wp\/v2\/media\/32205"}],"wp:attachment":[{"href":"https:\/\/impactodenoticias.com.ar\/index.php?rest_route=%2Fwp%2Fv2%2Fmedia&parent=32203"}],"wp:term":[{"taxonomy":"category","embeddable":true,"href":"https:\/\/impactodenoticias.com.ar\/index.php?rest_route=%2Fwp%2Fv2%2Fcategories&post=32203"},{"taxonomy":"post_tag","embeddable":true,"href":"https:\/\/impactodenoticias.com.ar\/index.php?rest_route=%2Fwp%2Fv2%2Ftags&post=32203"}],"curies":[{"name":"wp","href":"https:\/\/api.w.org\/{rel}","templated":true}]}}