{"id":32212,"date":"2025-12-27T08:35:58","date_gmt":"2025-12-27T11:35:58","guid":{"rendered":"https:\/\/impactodenoticias.com.ar\/?p=32212"},"modified":"2025-12-27T08:35:59","modified_gmt":"2025-12-27T11:35:59","slug":"concordia-un-conductor-alcoholizado-embistio-un-auto-estacionado-quiso-fugarse-y-finalmente-fue-detenido","status":"publish","type":"post","link":"https:\/\/impactodenoticias.com.ar\/?p=32212","title":{"rendered":"Concordia: un conductor alcoholizado embisti\u00f3 un auto estacionado, quiso fugarse y finalmente fue detenido"},"content":{"rendered":"\n<h2 class=\"wp-block-heading\">En horas del mediod\u00eda de este viernes 26 de diciembre, personal de la Comisar\u00eda Tercera de Concordia, observ\u00f3 la presencia de un veh\u00edculo Fiat Cronos estacionado en la intersecci\u00f3n de calles Belgrano y Augusto Niez, el cual hab\u00eda sido colisionado por otro autom\u00f3vil que, luego del impacto, se dio a la fuga, quedando en el lugar el paragolpes y la patente del rodado involucrado.<\/h2>\n\n\n\n<p>Con esos elementos, se irradi\u00f3 la localizaci\u00f3n del autom\u00f3vil, logrando que el m\u00f3vil a cargo del jefe de Operaciones, Roberto Barboza, ubicara al autom\u00f3vil implicado en Lamadrid y Tucum\u00e1n, junto a su conductor.<\/p>\n\n\n\n<p>Seg\u00fan informaron medios locales, el veh\u00edculo que provoc\u00f3 el accidente de tr\u00e1nsito result\u00f3 ser un Chevrolet Celta, conducido por un hombre de 42 a\u00f1os con domicilio en el barrio La Bianca, quien iba acompa\u00f1ado de un mujer de 46 a\u00f1os que presentaba lesiones en el rostro producto del impacto contra el parabrisas, pero neg\u00e1ndose a recibir asistencia m\u00e9dica.<\/p>\n\n\n\n<p>En el lugar se dio intervenci\u00f3n a la Direcci\u00f3n de Tr\u00e1nsito, que efectu\u00f3 el test de alcoholemia al conductor del Chevrolet Celta, arrojando resultado positivo, con 1,8 gramos de alcohol en sangre, tras obtener la informaci\u00f3n se procedi\u00f3 a la retenci\u00f3n del veh\u00edculo.<\/p>\n","protected":false},"excerpt":{"rendered":"<p>En horas del mediod&iacute;a de este viernes 26 de diciembre, personal de la Comisar&iacute;a Tercera de Concordia, observ&oacute; la presencia de un veh&iacute;culo Fiat Cronos estacionado en la intersecci&oacute;n de calles Belgrano y Augusto Niez, el cual hab&iacute;a sido colisionado por otro autom&oacute;vil que, luego del impacto, se dio a la fuga, quedando en el [&hellip;]<\/p>\n","protected":false},"author":2,"featured_media":32213,"comment_status":"closed","ping_status":"closed","sticky":false,"template":"","format":"standard","meta":{"footnotes":""},"categories":[8,4],"tags":[652,72,1818,619],"class_list":["post-32212","post","type-post","status-publish","format-standard","has-post-thumbnail","hentry","category-policiales","category-provinciales","tag-choque","tag-concordia","tag-conductor","tag-ebriedad"],"_links":{"self":[{"href":"https:\/\/impactodenoticias.com.ar\/index.php?rest_route=\/wp\/v2\/posts\/32212","targetHints":{"allow":["GET"]}}],"collection":[{"href":"https:\/\/impactodenoticias.com.ar\/index.php?rest_route=\/wp\/v2\/posts"}],"about":[{"href":"https:\/\/impactodenoticias.com.ar\/index.php?rest_route=\/wp\/v2\/types\/post"}],"author":[{"embeddable":true,"href":"https:\/\/impactodenoticias.com.ar\/index.php?rest_route=\/wp\/v2\/users\/2"}],"replies":[{"embeddable":true,"href":"https:\/\/impactodenoticias.com.ar\/index.php?rest_route=%2Fwp%2Fv2%2Fcomments&post=32212"}],"version-history":[{"count":1,"href":"https:\/\/impactodenoticias.com.ar\/index.php?rest_route=\/wp\/v2\/posts\/32212\/revisions"}],"predecessor-version":[{"id":32214,"href":"https:\/\/impactodenoticias.com.ar\/index.php?rest_route=\/wp\/v2\/posts\/32212\/revisions\/32214"}],"wp:featuredmedia":[{"embeddable":true,"href":"https:\/\/impactodenoticias.com.ar\/index.php?rest_route=\/wp\/v2\/media\/32213"}],"wp:attachment":[{"href":"https:\/\/impactodenoticias.com.ar\/index.php?rest_route=%2Fwp%2Fv2%2Fmedia&parent=32212"}],"wp:term":[{"taxonomy":"category","embeddable":true,"href":"https:\/\/impactodenoticias.com.ar\/index.php?rest_route=%2Fwp%2Fv2%2Fcategories&post=32212"},{"taxonomy":"post_tag","embeddable":true,"href":"https:\/\/impactodenoticias.com.ar\/index.php?rest_route=%2Fwp%2Fv2%2Ftags&post=32212"}],"curies":[{"name":"wp","href":"https:\/\/api.w.org\/{rel}","templated":true}]}}