{"id":32219,"date":"2025-12-27T10:46:30","date_gmt":"2025-12-27T13:46:30","guid":{"rendered":"https:\/\/impactodenoticias.com.ar\/?p=32219"},"modified":"2025-12-29T09:06:09","modified_gmt":"2025-12-29T12:06:09","slug":"la-camara-federal-ratifico-prisiones-y-procesamientos-en-una-causa-por-narcotrafico-y-puso-la-lupa-sobre-filtraciones-internas","status":"publish","type":"post","link":"https:\/\/impactodenoticias.com.ar\/?p=32219","title":{"rendered":"La C\u00e1mara Federal ratific\u00f3 prisiones y procesamientos en una causa por narcotr\u00e1fico y puso la lupa sobre filtraciones internas"},"content":{"rendered":"\n<h2 class=\"wp-block-heading\">El tribunal de Paran\u00e1 confirm\u00f3 los procesamientos, embargos y prisiones preventivas en la denominada \u201cCausa Celis\u201d, una investigaci\u00f3n por comercio de estupefacientes agravado. Adem\u00e1s, orden\u00f3 profundizar una pesquisa paralela por presuntas filtraciones que habr\u00edan alertado a la organizaci\u00f3n antes de los allanamientos.<\/h2>\n\n\n\n<p>La C\u00e1mara Federal de Apelaciones de Paran\u00e1 rechaz\u00f3 los recursos de apelaci\u00f3n presentados por las defensas de Daniel Andr\u00e9s Celis y otros nueve imputados, y confirm\u00f3 los procesamientos, las prisiones preventivas y los embargos dictados en el marco de una compleja causa por narcotr\u00e1fico.<\/p>\n\n\n\n<p>La resoluci\u00f3n, firmada el 26 de diciembre de 2025 por los jueces Beatriz Aranguren y Mateo Busaniche, ratific\u00f3 la imputaci\u00f3n contra Daniel Andr\u00e9s Celis como organizador del comercio de estupefacientes. En tanto, el resto de los acusados \u2014entre ellos Teuco Rom\u00e1n Celis, Pablo Maximiliano Ruiz D\u00edaz y Walter Alfredo R\u00edos\u2014 quedaron confirmados como coautores del delito de comercio de estupefacientes doblemente agravado, tanto por la intervenci\u00f3n organizada de tres o m\u00e1s personas como por el uso de menores de edad en la actividad il\u00edcita.<\/p>\n\n\n\n<p>El tribunal tambi\u00e9n aval\u00f3 la continuidad de las prisiones preventivas, al considerar acreditada la gravedad de los hechos, la estructura de la organizaci\u00f3n y el riesgo concreto de entorpecimiento del proceso. En la misma l\u00ednea, se mantuvieron los embargos por un monto de $7.020.000 para cada uno de los principales imputados.<\/p>\n\n\n\n<p><strong>Sospechas de filtraciones y \u201caviso previo\u201d<\/strong><\/p>\n\n\n\n<p>Uno de los aspectos m\u00e1s sensibles de la resoluci\u00f3n fue la confirmaci\u00f3n de indicios sobre posibles filtraciones de informaci\u00f3n judicial. El Fiscal General Jos\u00e9 Ignacio Candioti advirti\u00f3 formalmente sobre la difusi\u00f3n anticipada de datos vinculados a los allanamientos ordenados por el juez de instrucci\u00f3n Leandro R\u00edos, lo que habr\u00eda permitido a la organizaci\u00f3n tomar recaudos antes de los operativos.<\/p>\n\n\n\n<p>Ante esta situaci\u00f3n, la C\u00e1mara consider\u00f3 necesario avanzar en una investigaci\u00f3n espec\u00edfica para determinar qui\u00e9nes fueron los responsables de haber alertado a los imputados. Seg\u00fan surge del expediente, esta hip\u00f3tesis se ve reforzada por escuchas telef\u00f3nicas incorporadas como prueba, en las que uno de los acusados anticipa con precisi\u00f3n la cantidad y el momento de los allanamientos previstos.<\/p>\n\n\n\n<p>Para los magistrados, estos elementos demuestran que la banda contaba con capacidad operativa y contactos suficientes para intentar frustrar la investigaci\u00f3n judicial, argumento central para sostener el encierro preventivo de los involucrados.<\/p>\n\n\n\n<p><strong>Una estructura sostenida desde la c\u00e1rcel<\/strong><\/p>\n\n\n\n<p>La causa se inici\u00f3 en mayo de 2024 y se apoy\u00f3 en tareas de inteligencia que incluyeron el uso de drones, dispositivos de geolocalizaci\u00f3n y seguimientos encubiertos. A ello se sumaron informes financieros elaborados por la polic\u00eda provincial, que revelaron movimientos de dinero incompatibles con las actividades declaradas por los imputados.<\/p>\n\n\n\n<p>De acuerdo a esos informes, una cuenta de Mercado Pago vinculada a Daniel Andr\u00e9s Celis registr\u00f3 acreditaciones superiores a los 72 millones de pesos en un a\u00f1o, pese a no contar con actividad laboral formal. En el mismo per\u00edodo, su hijo Teuco Rom\u00e1n Celis moviliz\u00f3 m\u00e1s de 50 millones de pesos mediante plataformas virtuales.<\/p>\n\n\n\n<p>Durante los allanamientos se secuestraron m\u00e1s de 1.300 gramos de marihuana, 235 gramos de coca\u00edna, balanzas de precisi\u00f3n y m\u00e1quinas contadoras de billetes. Las escuchas telef\u00f3nicas incorporadas al expediente permitieron reconstruir el rol de liderazgo de Celis, quien, aun detenido, impart\u00eda \u00f3rdenes, discut\u00eda precios de la droga y explicaba que su principal ganancia se obten\u00eda a trav\u00e9s del fraccionamiento y \u201clavado\u201d de la sustancia.<\/p>\n\n\n\n<p>Para los investigadores, la organizaci\u00f3n operaba con una l\u00f3gica empresarial: un liderazgo central que coordinaba desde la c\u00e1rcel, distribuidores en distintos puntos y un sistema de alertas internas que buscaba anticiparse a la intervenci\u00f3n judicial. Un esquema que ahora, adem\u00e1s del narcotr\u00e1fico, qued\u00f3 bajo la lupa por las posibles filtraciones que habr\u00edan comprometido la investigaci\u00f3n.<\/p>\n","protected":false},"excerpt":{"rendered":"<p>El tribunal de Paran&aacute; confirm&oacute; los procesamientos, embargos y prisiones preventivas en la denominada &ldquo;Causa Celis&rdquo;, una investigaci&oacute;n por comercio de estupefacientes agravado. Adem&aacute;s, orden&oacute; profundizar una pesquisa paralela por presuntas filtraciones que habr&iacute;an alertado a la organizaci&oacute;n antes de los allanamientos. La C&aacute;mara Federal de Apelaciones de Paran&aacute; rechaz&oacute; los recursos de apelaci&oacute;n presentados [&hellip;]<\/p>\n","protected":false},"author":2,"featured_media":32220,"comment_status":"closed","ping_status":"closed","sticky":false,"template":"","format":"standard","meta":{"footnotes":""},"categories":[90,3],"tags":[3919,6094,6426,6425],"class_list":["post-32219","post","type-post","status-publish","format-standard","has-post-thumbnail","hentry","category-judicial","category-locales","tag-camara-federal","tag-daniel-celis","tag-procesamientos","tag-ratificacion"],"_links":{"self":[{"href":"https:\/\/impactodenoticias.com.ar\/index.php?rest_route=\/wp\/v2\/posts\/32219","targetHints":{"allow":["GET"]}}],"collection":[{"href":"https:\/\/impactodenoticias.com.ar\/index.php?rest_route=\/wp\/v2\/posts"}],"about":[{"href":"https:\/\/impactodenoticias.com.ar\/index.php?rest_route=\/wp\/v2\/types\/post"}],"author":[{"embeddable":true,"href":"https:\/\/impactodenoticias.com.ar\/index.php?rest_route=\/wp\/v2\/users\/2"}],"replies":[{"embeddable":true,"href":"https:\/\/impactodenoticias.com.ar\/index.php?rest_route=%2Fwp%2Fv2%2Fcomments&post=32219"}],"version-history":[{"count":1,"href":"https:\/\/impactodenoticias.com.ar\/index.php?rest_route=\/wp\/v2\/posts\/32219\/revisions"}],"predecessor-version":[{"id":32221,"href":"https:\/\/impactodenoticias.com.ar\/index.php?rest_route=\/wp\/v2\/posts\/32219\/revisions\/32221"}],"wp:featuredmedia":[{"embeddable":true,"href":"https:\/\/impactodenoticias.com.ar\/index.php?rest_route=\/wp\/v2\/media\/32220"}],"wp:attachment":[{"href":"https:\/\/impactodenoticias.com.ar\/index.php?rest_route=%2Fwp%2Fv2%2Fmedia&parent=32219"}],"wp:term":[{"taxonomy":"category","embeddable":true,"href":"https:\/\/impactodenoticias.com.ar\/index.php?rest_route=%2Fwp%2Fv2%2Fcategories&post=32219"},{"taxonomy":"post_tag","embeddable":true,"href":"https:\/\/impactodenoticias.com.ar\/index.php?rest_route=%2Fwp%2Fv2%2Ftags&post=32219"}],"curies":[{"name":"wp","href":"https:\/\/api.w.org\/{rel}","templated":true}]}}