{"id":32232,"date":"2025-12-29T08:58:43","date_gmt":"2025-12-29T11:58:43","guid":{"rendered":"https:\/\/impactodenoticias.com.ar\/?p=32232"},"modified":"2025-12-29T09:01:38","modified_gmt":"2025-12-29T12:01:38","slug":"tragedia-en-el-rio-parana-tres-argentinas-fallecieron-tras-el-hundimiento-de-una-lancha","status":"publish","type":"post","link":"https:\/\/impactodenoticias.com.ar\/?p=32232","title":{"rendered":"Tragedia en el r\u00edo Paran\u00e1: tres argentinas fallecieron tras el hundimiento de una lancha"},"content":{"rendered":"\n<h2 class=\"wp-block-heading\">Tres argentinas, entre ellas una menor, murieron ahogadas luego del naufragio de una embarcaci\u00f3n en el r\u00edo Paran\u00e1, a la altura del departamento de \u00d1eembuc\u00fa, en el sur de Paraguay. La tragedia n\u00e1utica fue reportada por fuentes policiales citadas por la prensa local.<\/h2>\n\n\n\n<p>Un hombre fue declarado desaparecido. Otros dos menores, una ni\u00f1a de 11 a\u00f1os y un ni\u00f1o de 16, lograron ser rescatados por pescadores.<\/p>\n\n\n\n<p>De acuerdo a informaci\u00f3n brindada por el diario La Naci\u00f3n de Asunci\u00f3n, las v\u00edctimas fueron identificadas como Sandra Elizabeth Maidana Careaga y Luz Roc\u00edo Maidana Careaga, ambas mayores de edad, y la menor Nahiara Ailin Maidana Alfaro.<\/p>\n\n\n\n<p><strong>Como se desencaden\u00f3 la tragedia en el r\u00edo<\/strong><\/p>\n\n\n\n<p>El jefe de la comisar\u00eda 16 de la localidad de Cerrito, Damiano Cano, se\u00f1al\u00f3 que el naufragio ocurri\u00f3 alrededor de la medianoche del s\u00e1bado cuando la lancha hac\u00eda el viaje de regreso a Argentina. Las v\u00edctimas hab\u00edan pasado el d\u00eda en una de las islas tur\u00edsticas de la zona.<\/p>\n\n\n\n<p>\u201cSe presume que el factor climatol\u00f3gico fue el causante, porque en la hora aproximada del naufragio en este lugar hab\u00eda una fuerte lluvia con peque\u00f1as r\u00e1fagas de viento\u201d, explic\u00f3 el funcionario policial.<\/p>\n\n\n\n<p>Y agreg\u00f3 que la embarcaci\u00f3n no era \u201capta\u201d para la navegaci\u00f3n por la fuerte corriente que se produce con las lluvias en el r\u00edo Paran\u00e1.<\/p>\n\n\n\n<p>Las autoridades contin\u00faan con la b\u00fasqueda del hombre que desapareci\u00f3 en el naufragio, concluy\u00f3.<\/p>\n","protected":false},"excerpt":{"rendered":"<p>Tres argentinas, entre ellas una menor, murieron ahogadas luego del naufragio de una embarcaci&oacute;n en el r&iacute;o Paran&aacute;, a la altura del departamento de &Ntilde;eembuc&uacute;, en el sur de Paraguay. La tragedia n&aacute;utica fue reportada por fuentes policiales citadas por la prensa local. Un hombre fue declarado desaparecido. Otros dos menores, una ni&ntilde;a de 11 [&hellip;]<\/p>\n","protected":false},"author":2,"featured_media":32233,"comment_status":"closed","ping_status":"closed","sticky":false,"template":"","format":"standard","meta":{"footnotes":""},"categories":[10,8],"tags":[6429,6430,2288,397,108],"class_list":["post-32232","post","type-post","status-publish","format-standard","has-post-thumbnail","hentry","category-nacionales","category-policiales","tag-argentinas","tag-fallecidas","tag-lancha","tag-rio-parana","tag-tragedia"],"_links":{"self":[{"href":"https:\/\/impactodenoticias.com.ar\/index.php?rest_route=\/wp\/v2\/posts\/32232","targetHints":{"allow":["GET"]}}],"collection":[{"href":"https:\/\/impactodenoticias.com.ar\/index.php?rest_route=\/wp\/v2\/posts"}],"about":[{"href":"https:\/\/impactodenoticias.com.ar\/index.php?rest_route=\/wp\/v2\/types\/post"}],"author":[{"embeddable":true,"href":"https:\/\/impactodenoticias.com.ar\/index.php?rest_route=\/wp\/v2\/users\/2"}],"replies":[{"embeddable":true,"href":"https:\/\/impactodenoticias.com.ar\/index.php?rest_route=%2Fwp%2Fv2%2Fcomments&post=32232"}],"version-history":[{"count":1,"href":"https:\/\/impactodenoticias.com.ar\/index.php?rest_route=\/wp\/v2\/posts\/32232\/revisions"}],"predecessor-version":[{"id":32234,"href":"https:\/\/impactodenoticias.com.ar\/index.php?rest_route=\/wp\/v2\/posts\/32232\/revisions\/32234"}],"wp:featuredmedia":[{"embeddable":true,"href":"https:\/\/impactodenoticias.com.ar\/index.php?rest_route=\/wp\/v2\/media\/32233"}],"wp:attachment":[{"href":"https:\/\/impactodenoticias.com.ar\/index.php?rest_route=%2Fwp%2Fv2%2Fmedia&parent=32232"}],"wp:term":[{"taxonomy":"category","embeddable":true,"href":"https:\/\/impactodenoticias.com.ar\/index.php?rest_route=%2Fwp%2Fv2%2Fcategories&post=32232"},{"taxonomy":"post_tag","embeddable":true,"href":"https:\/\/impactodenoticias.com.ar\/index.php?rest_route=%2Fwp%2Fv2%2Ftags&post=32232"}],"curies":[{"name":"wp","href":"https:\/\/api.w.org\/{rel}","templated":true}]}}