{"id":32242,"date":"2025-12-29T11:37:18","date_gmt":"2025-12-29T14:37:18","guid":{"rendered":"https:\/\/impactodenoticias.com.ar\/?p=32242"},"modified":"2025-12-30T11:10:05","modified_gmt":"2025-12-30T14:10:05","slug":"presentan-este-lunes-el-registro-provincial-de-economia-del-conocimiento","status":"publish","type":"post","link":"https:\/\/impactodenoticias.com.ar\/?p=32242","title":{"rendered":"Presentan este lunes el Registro Provincial de Econom\u00eda del Conocimiento"},"content":{"rendered":"\n<h2 class=\"wp-block-heading\">Se presentar\u00e1 este lunes el Registro Provincial de Econom\u00eda del Conocimiento. Se trata de un r\u00e9gimen que suma flexibilidad, menores requisitos y nuevos beneficios para las empresas entrerrianas.<\/h2>\n\n\n\n<p>El encuentro ser\u00e1 desde las 14 en el Mirador TEC, en Paran\u00e1. S prev\u00e9 la presencia del ministro de Desarrollo Econ\u00f3mico, Guillermo Bernaudo, junto al equipo t\u00e9cnico de la Secretar\u00eda de Ciencia, Tecnolog\u00eda e Innovaci\u00f3n que conduce Walter Sione; representantes del sector privado; como de organismos acad\u00e9micos de la provincia.<\/p>\n\n\n\n<p>La apertura del registro se efectiviza tras la reforma de la ley 10.985, concretada a partir del impulso del gobernador Rogelio Frigerio. Al subrayar la importancia de la iniciativa, el mandatario hab\u00eda fundamentado: \u00abTrabajamos para multiplicar el n\u00famero de empresas que se vean beneficiadas; queremos que esta norma sea un incentivo propio. Este gobierno tiene la firme decisi\u00f3n pol\u00edtica de generar un ecosistema propicio para que las empresas que ya est\u00e1n puedan crecer y las que eval\u00faen d\u00f3nde radicarse o expandirse, nos elijan\u00bb.<\/p>\n\n\n\n<p>Las personas interesadas en participar pueden sumarse con inscripci\u00f3n previa.<\/p>\n","protected":false},"excerpt":{"rendered":"<p>Se presentar&aacute; este lunes el Registro Provincial de Econom&iacute;a del Conocimiento. Se trata de un r&eacute;gimen que suma flexibilidad, menores requisitos y nuevos beneficios para las empresas entrerrianas. El encuentro ser&aacute; desde las 14 en el Mirador TEC, en Paran&aacute;. S prev&eacute; la presencia del ministro de Desarrollo Econ&oacute;mico, Guillermo Bernaudo, junto al equipo t&eacute;cnico [&hellip;]<\/p>\n","protected":false},"author":2,"featured_media":32243,"comment_status":"closed","ping_status":"closed","sticky":false,"template":"","format":"standard","meta":{"footnotes":""},"categories":[11,4],"tags":[33,2335,6432],"class_list":["post-32242","post","type-post","status-publish","format-standard","has-post-thumbnail","hentry","category-politica","category-provinciales","tag-entre-rios","tag-presentacion","tag-registro-provincial-de-economia-del-conocimiento"],"_links":{"self":[{"href":"https:\/\/impactodenoticias.com.ar\/index.php?rest_route=\/wp\/v2\/posts\/32242","targetHints":{"allow":["GET"]}}],"collection":[{"href":"https:\/\/impactodenoticias.com.ar\/index.php?rest_route=\/wp\/v2\/posts"}],"about":[{"href":"https:\/\/impactodenoticias.com.ar\/index.php?rest_route=\/wp\/v2\/types\/post"}],"author":[{"embeddable":true,"href":"https:\/\/impactodenoticias.com.ar\/index.php?rest_route=\/wp\/v2\/users\/2"}],"replies":[{"embeddable":true,"href":"https:\/\/impactodenoticias.com.ar\/index.php?rest_route=%2Fwp%2Fv2%2Fcomments&post=32242"}],"version-history":[{"count":1,"href":"https:\/\/impactodenoticias.com.ar\/index.php?rest_route=\/wp\/v2\/posts\/32242\/revisions"}],"predecessor-version":[{"id":32244,"href":"https:\/\/impactodenoticias.com.ar\/index.php?rest_route=\/wp\/v2\/posts\/32242\/revisions\/32244"}],"wp:featuredmedia":[{"embeddable":true,"href":"https:\/\/impactodenoticias.com.ar\/index.php?rest_route=\/wp\/v2\/media\/32243"}],"wp:attachment":[{"href":"https:\/\/impactodenoticias.com.ar\/index.php?rest_route=%2Fwp%2Fv2%2Fmedia&parent=32242"}],"wp:term":[{"taxonomy":"category","embeddable":true,"href":"https:\/\/impactodenoticias.com.ar\/index.php?rest_route=%2Fwp%2Fv2%2Fcategories&post=32242"},{"taxonomy":"post_tag","embeddable":true,"href":"https:\/\/impactodenoticias.com.ar\/index.php?rest_route=%2Fwp%2Fv2%2Ftags&post=32242"}],"curies":[{"name":"wp","href":"https:\/\/api.w.org\/{rel}","templated":true}]}}