{"id":32254,"date":"2025-12-30T11:01:13","date_gmt":"2025-12-30T14:01:13","guid":{"rendered":"https:\/\/impactodenoticias.com.ar\/?p=32254"},"modified":"2025-12-30T11:01:14","modified_gmt":"2025-12-30T14:01:14","slug":"ruta-12-se-prendio-fuego-un-automovil-y-las-autoridades-tuvieron-que-cortar-al-transito-una-mano","status":"publish","type":"post","link":"https:\/\/impactodenoticias.com.ar\/?p=32254","title":{"rendered":"Ruta 12: se prendi\u00f3 fuego un autom\u00f3vil y las autoridades tuvieron que cortar al tr\u00e1nsito una mano"},"content":{"rendered":"\n<h2 class=\"wp-block-heading\">El tr\u00e1nsito se va normalizando parcialmente en el kil\u00f3metro 98 de la Ruta Nacional 12, donde se habilita por estas horas una mano de circulaci\u00f3n en sentido hacia Entre R\u00edos. El corte preventivo se efectu\u00f3 tras al incendio de un veh\u00edculo que se propag\u00f3 a los pastizales de la banquina, fuego que ya fue extinguido por los equipos de emergencia.<\/h2>\n\n\n\n<p>El siniestro vial se registr\u00f3 en jurisdicci\u00f3n de Campana (l\u00edmite con Z\u00e1rate), generando complicaciones en la v\u00eda que conecta Buenos Aires con el litoral. A ra\u00edz de la intensidad de las llamas y el humo, Gendarmer\u00eda Nacional hab\u00eda interrumpido el tr\u00e1nsito totalmente por seguridad de los conductores.<\/p>\n\n\n\n<p>En el lugar trabajaron intensamente dotaciones de Bomberos Voluntarios de Campana y personal de Defensa Civil, quienes lograron sofocar tanto el foco \u00edgneo del rodado como la extensi\u00f3n sobre el campo.<\/p>\n\n\n\n<p>Si bien la situaci\u00f3n ya se encuentra controlada, las autoridades recomiendan transitar con precauci\u00f3n por la zona debido a la reducci\u00f3n de calzada y la presencia de los equipos de trabajo que finalizan las tareas de enfriamiento y limpieza.<\/p>\n","protected":false},"excerpt":{"rendered":"<p>El tr&aacute;nsito se va normalizando parcialmente en el kil&oacute;metro 98 de la Ruta Nacional 12, donde se habilita por estas horas una mano de circulaci&oacute;n en sentido hacia Entre R&iacute;os. El corte preventivo se efectu&oacute; tras al incendio de un veh&iacute;culo que se propag&oacute; a los pastizales de la banquina, fuego que ya fue extinguido [&hellip;]<\/p>\n","protected":false},"author":2,"featured_media":32255,"comment_status":"closed","ping_status":"closed","sticky":false,"template":"","format":"standard","meta":{"footnotes":""},"categories":[8,4],"tags":[507,227,1846,293],"class_list":["post-32254","post","type-post","status-publish","format-standard","has-post-thumbnail","hentry","category-policiales","category-provinciales","tag-auto","tag-incendio","tag-pastizales","tag-ruta-12"],"_links":{"self":[{"href":"https:\/\/impactodenoticias.com.ar\/index.php?rest_route=\/wp\/v2\/posts\/32254","targetHints":{"allow":["GET"]}}],"collection":[{"href":"https:\/\/impactodenoticias.com.ar\/index.php?rest_route=\/wp\/v2\/posts"}],"about":[{"href":"https:\/\/impactodenoticias.com.ar\/index.php?rest_route=\/wp\/v2\/types\/post"}],"author":[{"embeddable":true,"href":"https:\/\/impactodenoticias.com.ar\/index.php?rest_route=\/wp\/v2\/users\/2"}],"replies":[{"embeddable":true,"href":"https:\/\/impactodenoticias.com.ar\/index.php?rest_route=%2Fwp%2Fv2%2Fcomments&post=32254"}],"version-history":[{"count":1,"href":"https:\/\/impactodenoticias.com.ar\/index.php?rest_route=\/wp\/v2\/posts\/32254\/revisions"}],"predecessor-version":[{"id":32256,"href":"https:\/\/impactodenoticias.com.ar\/index.php?rest_route=\/wp\/v2\/posts\/32254\/revisions\/32256"}],"wp:featuredmedia":[{"embeddable":true,"href":"https:\/\/impactodenoticias.com.ar\/index.php?rest_route=\/wp\/v2\/media\/32255"}],"wp:attachment":[{"href":"https:\/\/impactodenoticias.com.ar\/index.php?rest_route=%2Fwp%2Fv2%2Fmedia&parent=32254"}],"wp:term":[{"taxonomy":"category","embeddable":true,"href":"https:\/\/impactodenoticias.com.ar\/index.php?rest_route=%2Fwp%2Fv2%2Fcategories&post=32254"},{"taxonomy":"post_tag","embeddable":true,"href":"https:\/\/impactodenoticias.com.ar\/index.php?rest_route=%2Fwp%2Fv2%2Ftags&post=32254"}],"curies":[{"name":"wp","href":"https:\/\/api.w.org\/{rel}","templated":true}]}}