{"id":32260,"date":"2025-12-31T10:26:46","date_gmt":"2025-12-31T13:26:46","guid":{"rendered":"https:\/\/impactodenoticias.com.ar\/?p=32260"},"modified":"2025-12-31T10:26:46","modified_gmt":"2025-12-31T13:26:46","slug":"tragedia-en-victoria-dos-jovenes-murieron-tras-el-incendio-de-una-rotiseria","status":"publish","type":"post","link":"https:\/\/impactodenoticias.com.ar\/?p=32260","title":{"rendered":"Tragedia en Victoria: dos j\u00f3venes murieron tras el incendio de una rotiser\u00eda"},"content":{"rendered":"\n<h2 class=\"wp-block-heading\">Conmoci\u00f3n en la ciudad por la muerte de dos empleadas que quedaron atrapadas luego de la explosi\u00f3n de una garrafa en un local gastron\u00f3mico c\u00e9ntrico.<\/h2>\n\n\n\n<p>Dos mujeres murieron en la noche de este martes tras quedar atrapadas en un incendio de grandes proporciones que se desat\u00f3 en un local de comidas r\u00e1pidas de la ciudad de Victoria. El hecho ocurri\u00f3 alrededor de las 22.30 en el comercio \u201cCosta Rica\u201d, ubicado en la intersecci\u00f3n de las calles Matheu y Camoirano.<\/p>\n\n\n\n<p>Las v\u00edctimas fatales fueron identificadas como Natalia Garc\u00eda, de 20 a\u00f1os, y Agustina Cabrera, de 30, ambas mayores de edad y empleadas del establecimiento gastron\u00f3mico. Sus cuerpos fueron hallados sin vida una vez que los bomberos lograron sofocar las llamas.<\/p>\n\n\n\n<p>Seg\u00fan las primeras informaciones, el siniestro se habr\u00eda originado tras la explosi\u00f3n de una garrafa, lo que provoc\u00f3 un incendio generalizado que r\u00e1pidamente envolvi\u00f3 el lugar, impidiendo que las j\u00f3venes pudieran escapar.<\/p>\n\n\n\n<p>Personal de Bomberos Voluntarios de Victoria acudi\u00f3 de inmediato tras recibir el alerta, que inicialmente indicaba un incendio en una vivienda familiar. Sin embargo, al arribar al lugar, constataron que se trataba de un local que funcionaba como cocina y rotiser\u00eda.<\/p>\n\n\n\n<p>En di\u00e1logo con LT39, el jefe del cuartel, Fabi\u00e1n Dayd\u00e9, explic\u00f3 que el foco \u00edgneo fue controlado con rapidez, aunque las tareas se extendieron debido a la presencia de focos secundarios y terciarios, adem\u00e1s de trabajos de enfriamiento y remoci\u00f3n de elementos con riesgo de derrumbe.<\/p>\n\n\n\n<p>Gracias al operativo desplegado, se logr\u00f3 evitar que el fuego se propagara a las viviendas linderas. No obstante, tras extinguir las llamas, los rescatistas confirmaron el fallecimiento de las dos trabajadoras.<\/p>\n\n\n\n<p>La tragedia gener\u00f3 profundo dolor y conmoci\u00f3n en la comunidad, que se vio sacudida por la muerte de las j\u00f3venes en circunstancias tan dram\u00e1ticas. Las causas del incendio son materia de investigaci\u00f3n, con intervenci\u00f3n de las pericias correspondientes para determinar responsabilidades.<\/p>\n","protected":false},"excerpt":{"rendered":"<p>Conmoci&oacute;n en la ciudad por la muerte de dos empleadas que quedaron atrapadas luego de la explosi&oacute;n de una garrafa en un local gastron&oacute;mico c&eacute;ntrico. Dos mujeres murieron en la noche de este martes tras quedar atrapadas en un incendio de grandes proporciones que se desat&oacute; en un local de comidas r&aacute;pidas de la ciudad [&hellip;]<\/p>\n","protected":false},"author":2,"featured_media":32261,"comment_status":"closed","ping_status":"closed","sticky":false,"template":"","format":"standard","meta":{"footnotes":""},"categories":[8,4],"tags":[6430,227,1079,108,568],"class_list":["post-32260","post","type-post","status-publish","format-standard","has-post-thumbnail","hentry","category-policiales","category-provinciales","tag-fallecidas","tag-incendio","tag-mujeres","tag-tragedia","tag-victoria"],"_links":{"self":[{"href":"https:\/\/impactodenoticias.com.ar\/index.php?rest_route=\/wp\/v2\/posts\/32260","targetHints":{"allow":["GET"]}}],"collection":[{"href":"https:\/\/impactodenoticias.com.ar\/index.php?rest_route=\/wp\/v2\/posts"}],"about":[{"href":"https:\/\/impactodenoticias.com.ar\/index.php?rest_route=\/wp\/v2\/types\/post"}],"author":[{"embeddable":true,"href":"https:\/\/impactodenoticias.com.ar\/index.php?rest_route=\/wp\/v2\/users\/2"}],"replies":[{"embeddable":true,"href":"https:\/\/impactodenoticias.com.ar\/index.php?rest_route=%2Fwp%2Fv2%2Fcomments&post=32260"}],"version-history":[{"count":1,"href":"https:\/\/impactodenoticias.com.ar\/index.php?rest_route=\/wp\/v2\/posts\/32260\/revisions"}],"predecessor-version":[{"id":32262,"href":"https:\/\/impactodenoticias.com.ar\/index.php?rest_route=\/wp\/v2\/posts\/32260\/revisions\/32262"}],"wp:featuredmedia":[{"embeddable":true,"href":"https:\/\/impactodenoticias.com.ar\/index.php?rest_route=\/wp\/v2\/media\/32261"}],"wp:attachment":[{"href":"https:\/\/impactodenoticias.com.ar\/index.php?rest_route=%2Fwp%2Fv2%2Fmedia&parent=32260"}],"wp:term":[{"taxonomy":"category","embeddable":true,"href":"https:\/\/impactodenoticias.com.ar\/index.php?rest_route=%2Fwp%2Fv2%2Fcategories&post=32260"},{"taxonomy":"post_tag","embeddable":true,"href":"https:\/\/impactodenoticias.com.ar\/index.php?rest_route=%2Fwp%2Fv2%2Ftags&post=32260"}],"curies":[{"name":"wp","href":"https:\/\/api.w.org\/{rel}","templated":true}]}}