{"id":32263,"date":"2025-12-31T10:32:10","date_gmt":"2025-12-31T13:32:10","guid":{"rendered":"https:\/\/impactodenoticias.com.ar\/?p=32263"},"modified":"2025-12-31T10:35:14","modified_gmt":"2025-12-31T13:35:14","slug":"ruta-12-un-hombre-de-74-anos-fallecio-tras-protagonizar-un-accidente-vial","status":"publish","type":"post","link":"https:\/\/impactodenoticias.com.ar\/?p=32263","title":{"rendered":"Ruta 12: un hombre de 74 a\u00f1os falleci\u00f3 tras protagonizar un accidente vial"},"content":{"rendered":"\n<h2 class=\"wp-block-heading\">Un tr\u00e1gico siniestro vial se registr\u00f3 en la ma\u00f1ana de este martes sobre la Ruta Nacional N\u00b0 12, a la altura del kil\u00f3metro 294, jurisdicci\u00f3n de Comisar\u00eda de Gobernador Mansilla. El accidente vial dej\u00f3 como saldo el fallecimiento de un hombre de 74 a\u00f1os, quien en un primer momento fue asistido e internado, muriendo horas despu\u00e9s.<\/h2>\n\n\n\n<p>El accidente vial ocurri\u00f3 aproximadamente a las 10 e involucr\u00f3 a un autom\u00f3vil Volkswagen Gol que circulaba en sentido sur\u2013norte con tres ocupantes mayores de edad, todos oriundos de la ciudad de Villaguay, y una motocicleta marca Guerrero Trip 110 cc, conducida por un hombre de 74 a\u00f1os domiciliado en Sauce Norte.<\/p>\n\n\n\n<p>Por causas que a\u00fan son materia de investigaci\u00f3n, el motociclista habr\u00eda intentado atravesar la ruta en sentido este\u2013oeste, al salir del mencionado comercio, produci\u00e9ndose el violento choque con el veh\u00edculo.<\/p>\n\n\n\n<p>Debido a la violencia del impacto, seg\u00fan se inform\u00f3, el conductor del rodado menor result\u00f3 con lesiones de car\u00e1cter grave. En un primer momento fue asistido y estabilizado en el hospital de Gobernador Mansilla, para luego ser derivado a la ciudad de Concepci\u00f3n del Uruguay. Lamentablemente, y a pesar del esfuerzo de los m\u00e9dicos, el hombre falleci\u00f3 horas m\u00e1s tarde.<\/p>\n\n\n\n<p>Informaron desde el nosocomio que presentaba fractura de tibia y peron\u00e9 en la pierna derecha, politraumatismos varios y un fuerte golpe en la cabeza. Las autoridades policiales contin\u00faan con las actuaciones correspondientes para determinar las circunstancias exactas del siniestro.<\/p>\n","protected":false},"excerpt":{"rendered":"<p>Un tr&aacute;gico siniestro vial se registr&oacute; en la ma&ntilde;ana de este martes sobre la Ruta Nacional N&deg; 12, a la altura del kil&oacute;metro 294, jurisdicci&oacute;n de Comisar&iacute;a de Gobernador Mansilla. El accidente vial dej&oacute; como saldo el fallecimiento de un hombre de 74 a&ntilde;os, quien en un primer momento fue asistido e internado, muriendo horas [&hellip;]<\/p>\n","protected":false},"author":2,"featured_media":32264,"comment_status":"closed","ping_status":"closed","sticky":false,"template":"","format":"standard","meta":{"footnotes":""},"categories":[8,4],"tags":[120,457,293],"class_list":["post-32263","post","type-post","status-publish","format-standard","has-post-thumbnail","hentry","category-policiales","category-provinciales","tag-accidente","tag-muerto","tag-ruta-12"],"_links":{"self":[{"href":"https:\/\/impactodenoticias.com.ar\/index.php?rest_route=\/wp\/v2\/posts\/32263","targetHints":{"allow":["GET"]}}],"collection":[{"href":"https:\/\/impactodenoticias.com.ar\/index.php?rest_route=\/wp\/v2\/posts"}],"about":[{"href":"https:\/\/impactodenoticias.com.ar\/index.php?rest_route=\/wp\/v2\/types\/post"}],"author":[{"embeddable":true,"href":"https:\/\/impactodenoticias.com.ar\/index.php?rest_route=\/wp\/v2\/users\/2"}],"replies":[{"embeddable":true,"href":"https:\/\/impactodenoticias.com.ar\/index.php?rest_route=%2Fwp%2Fv2%2Fcomments&post=32263"}],"version-history":[{"count":1,"href":"https:\/\/impactodenoticias.com.ar\/index.php?rest_route=\/wp\/v2\/posts\/32263\/revisions"}],"predecessor-version":[{"id":32265,"href":"https:\/\/impactodenoticias.com.ar\/index.php?rest_route=\/wp\/v2\/posts\/32263\/revisions\/32265"}],"wp:featuredmedia":[{"embeddable":true,"href":"https:\/\/impactodenoticias.com.ar\/index.php?rest_route=\/wp\/v2\/media\/32264"}],"wp:attachment":[{"href":"https:\/\/impactodenoticias.com.ar\/index.php?rest_route=%2Fwp%2Fv2%2Fmedia&parent=32263"}],"wp:term":[{"taxonomy":"category","embeddable":true,"href":"https:\/\/impactodenoticias.com.ar\/index.php?rest_route=%2Fwp%2Fv2%2Fcategories&post=32263"},{"taxonomy":"post_tag","embeddable":true,"href":"https:\/\/impactodenoticias.com.ar\/index.php?rest_route=%2Fwp%2Fv2%2Ftags&post=32263"}],"curies":[{"name":"wp","href":"https:\/\/api.w.org\/{rel}","templated":true}]}}