{"id":32266,"date":"2025-12-31T10:38:23","date_gmt":"2025-12-31T13:38:23","guid":{"rendered":"https:\/\/impactodenoticias.com.ar\/?p=32266"},"modified":"2025-12-31T10:38:23","modified_gmt":"2025-12-31T13:38:23","slug":"parana-se-efectuaron-allanamientos-tras-la-viralizacion-de-un-video-de-jovenes-disparando-al-aire-en-navidad","status":"publish","type":"post","link":"https:\/\/impactodenoticias.com.ar\/?p=32266","title":{"rendered":"Paran\u00e1: se efectuaron allanamientos tras la viralizaci\u00f3n de un video de j\u00f3venes disparando al aire en Navidad"},"content":{"rendered":"\n<h2 class=\"wp-block-heading\">La viralizaci\u00f3n de videos en redes sociales donde se observaba a j\u00f3venes efectuando disparos al aire con armas de fuego durante las celebraciones navide\u00f1as, desat\u00f3 gran preocupaci\u00f3n entre los vecinos del lugar y motiv\u00f3 la intervenci\u00f3n inmediata de la Polic\u00eda de Entre R\u00edos.<\/h2>\n\n\n\n<p>Seg\u00fan se inform\u00f3 <strong>IMPACTO DE NOTICIAS<\/strong>, ante la gravedad de los hechos, el comando superior orden\u00f3 el inicio de una investigaci\u00f3n para identificar a los responsables y proceder al secuestro de las armas utilizadas. Personal especializado analiz\u00f3 los registros audiovisuales y pudo reconocer a los j\u00f3venes involucrados, adem\u00e1s de ubicar las viviendas que ocupan y frecuentan.<\/p>\n\n\n\n<p><\/p>\n\n\n\n<figure class=\"wp-block-image size-full\"><img loading=\"lazy\" decoding=\"async\" width=\"696\" height=\"621\" src=\"https:\/\/impactodenoticias.com.ar\/wp-content\/uploads\/2025\/12\/Parana-Allanamientos-Disparos-Aire-2.webp\" alt=\"\" class=\"wp-image-32267\" srcset=\"https:\/\/impactodenoticias.com.ar\/wp-content\/uploads\/2025\/12\/Parana-Allanamientos-Disparos-Aire-2.webp 696w, https:\/\/impactodenoticias.com.ar\/wp-content\/uploads\/2025\/12\/Parana-Allanamientos-Disparos-Aire-2-300x268.webp 300w\" sizes=\"auto, (max-width: 696px) 100vw, 696px\" \/><\/figure>\n\n\n\n<p><\/p>\n\n\n\n<p>Munidos de las pruebas, la Unidad Fiscal de Ni\u00f1os y Adolescentes en turno pidi\u00f3 medidas de allanamiento que se concretaron en los barrios Nueva Ciudad y Toma Vieja. Durante los procedimientos se secuestr\u00f3 una motocicleta, tel\u00e9fonos celulares y otros elementos de inter\u00e9s para la causa.<\/p>\n\n\n\n<p><\/p>\n\n\n\n<figure class=\"wp-block-image size-full\"><img loading=\"lazy\" decoding=\"async\" width=\"345\" height=\"224\" src=\"https:\/\/impactodenoticias.com.ar\/wp-content\/uploads\/2025\/12\/Parana-Allanamientos-Disparos-Aire.webp\" alt=\"\" class=\"wp-image-32268\" srcset=\"https:\/\/impactodenoticias.com.ar\/wp-content\/uploads\/2025\/12\/Parana-Allanamientos-Disparos-Aire.webp 345w, https:\/\/impactodenoticias.com.ar\/wp-content\/uploads\/2025\/12\/Parana-Allanamientos-Disparos-Aire-300x195.webp 300w\" sizes=\"auto, (max-width: 345px) 100vw, 345px\" \/><\/figure>\n\n\n\n<p><\/p>\n\n\n\n<p>Las armas de fuego a\u00fan no pudieron ser localizadas, por lo que la investigaci\u00f3n se mantiene con el objetivo de retirar de circulaci\u00f3n armamento y municiones en manos inexpertas y sin autorizaci\u00f3n legal, evitando que estas pr\u00e1cticas pongan en riesgo la seguridad de la poblaci\u00f3n.<\/p>\n","protected":false},"excerpt":{"rendered":"<p>La viralizaci&oacute;n de videos en redes sociales donde se observaba a j&oacute;venes efectuando disparos al aire con armas de fuego durante las celebraciones navide&ntilde;as, desat&oacute; gran preocupaci&oacute;n entre los vecinos del lugar y motiv&oacute; la intervenci&oacute;n inmediata de la Polic&iacute;a de Entre R&iacute;os. Seg&uacute;n se inform&oacute; IMPACTO DE NOTICIAS, ante la gravedad de los hechos, [&hellip;]<\/p>\n","protected":false},"author":2,"featured_media":32269,"comment_status":"closed","ping_status":"closed","sticky":false,"template":"","format":"standard","meta":{"footnotes":""},"categories":[3,8],"tags":[6435,1136,1037,95],"class_list":["post-32266","post","type-post","status-publish","format-standard","has-post-thumbnail","hentry","category-locales","category-policiales","tag-aire","tag-allanamientos","tag-disparos","tag-parana"],"_links":{"self":[{"href":"https:\/\/impactodenoticias.com.ar\/index.php?rest_route=\/wp\/v2\/posts\/32266","targetHints":{"allow":["GET"]}}],"collection":[{"href":"https:\/\/impactodenoticias.com.ar\/index.php?rest_route=\/wp\/v2\/posts"}],"about":[{"href":"https:\/\/impactodenoticias.com.ar\/index.php?rest_route=\/wp\/v2\/types\/post"}],"author":[{"embeddable":true,"href":"https:\/\/impactodenoticias.com.ar\/index.php?rest_route=\/wp\/v2\/users\/2"}],"replies":[{"embeddable":true,"href":"https:\/\/impactodenoticias.com.ar\/index.php?rest_route=%2Fwp%2Fv2%2Fcomments&post=32266"}],"version-history":[{"count":1,"href":"https:\/\/impactodenoticias.com.ar\/index.php?rest_route=\/wp\/v2\/posts\/32266\/revisions"}],"predecessor-version":[{"id":32270,"href":"https:\/\/impactodenoticias.com.ar\/index.php?rest_route=\/wp\/v2\/posts\/32266\/revisions\/32270"}],"wp:featuredmedia":[{"embeddable":true,"href":"https:\/\/impactodenoticias.com.ar\/index.php?rest_route=\/wp\/v2\/media\/32269"}],"wp:attachment":[{"href":"https:\/\/impactodenoticias.com.ar\/index.php?rest_route=%2Fwp%2Fv2%2Fmedia&parent=32266"}],"wp:term":[{"taxonomy":"category","embeddable":true,"href":"https:\/\/impactodenoticias.com.ar\/index.php?rest_route=%2Fwp%2Fv2%2Fcategories&post=32266"},{"taxonomy":"post_tag","embeddable":true,"href":"https:\/\/impactodenoticias.com.ar\/index.php?rest_route=%2Fwp%2Fv2%2Ftags&post=32266"}],"curies":[{"name":"wp","href":"https:\/\/api.w.org\/{rel}","templated":true}]}}