{"id":32277,"date":"2026-01-01T20:06:00","date_gmt":"2026-01-01T23:06:00","guid":{"rendered":"https:\/\/impactodenoticias.com.ar\/?p=32277"},"modified":"2026-01-02T19:54:03","modified_gmt":"2026-01-02T22:54:03","slug":"san-salvador-buscan-intensamente-a-adolescente-que-desaparecio-en-las-primeras-horas-de-este-2026","status":"publish","type":"post","link":"https:\/\/impactodenoticias.com.ar\/?p=32277","title":{"rendered":"San Salvador: buscan intensamente a adolescente que desapareci\u00f3 en las primeras horas de este 2026"},"content":{"rendered":"\n<h2 class=\"wp-block-heading\">La Polic\u00eda de San Salvador solicita la colaboraci\u00f3n de la ciudadan\u00eda para localizar a Nicol Ariana Ferreyra, de 16 a\u00f1os. La adolescente se ausent\u00f3 de su casa en las primeras horas de este jueves 1 de enero y no regres\u00f3.<\/h2>\n\n\n\n<p>Seg\u00fan lo informado oficialmente, la joven mide 1,50 metros, es de contextura delgada, tiene pelo casta\u00f1o oscuro hasta los hombros y ojos marrones. La \u00faltima vez que fue vista ten\u00eda puesto un short blanco con lentejuelas, un remera tipo top negra y botas texanas negras.<\/p>\n\n\n\n<p>Cualquier dato de inter\u00e9s o informaci\u00f3n, se ruega sea comunicaco a la Jefatura Departamental San Salvador: (0345) \u2013 4910105, a la Comisar\u00eda de Minoridad: (0343) \u2013 4057948, a la Comisar\u00eda Gral Campos: (345) \u2013 6259492 o al 101.<\/p>\n","protected":false},"excerpt":{"rendered":"<p>La Polic&iacute;a de San Salvador solicita la colaboraci&oacute;n de la ciudadan&iacute;a para localizar a Nicol Ariana Ferreyra, de 16 a&ntilde;os. La adolescente se ausent&oacute; de su casa en las primeras horas de este jueves 1 de enero y no regres&oacute;. Seg&uacute;n lo informado oficialmente, la joven mide 1,50 metros, es de contextura delgada, tiene pelo [&hellip;]<\/p>\n","protected":false},"author":2,"featured_media":32278,"comment_status":"closed","ping_status":"closed","sticky":false,"template":"","format":"standard","meta":{"footnotes":""},"categories":[8,4],"tags":[251,6439,639],"class_list":["post-32277","post","type-post","status-publish","format-standard","has-post-thumbnail","hentry","category-policiales","category-provinciales","tag-busqueda","tag-nicol-ariana-ferreyra","tag-san-salvador"],"_links":{"self":[{"href":"https:\/\/impactodenoticias.com.ar\/index.php?rest_route=\/wp\/v2\/posts\/32277","targetHints":{"allow":["GET"]}}],"collection":[{"href":"https:\/\/impactodenoticias.com.ar\/index.php?rest_route=\/wp\/v2\/posts"}],"about":[{"href":"https:\/\/impactodenoticias.com.ar\/index.php?rest_route=\/wp\/v2\/types\/post"}],"author":[{"embeddable":true,"href":"https:\/\/impactodenoticias.com.ar\/index.php?rest_route=\/wp\/v2\/users\/2"}],"replies":[{"embeddable":true,"href":"https:\/\/impactodenoticias.com.ar\/index.php?rest_route=%2Fwp%2Fv2%2Fcomments&post=32277"}],"version-history":[{"count":1,"href":"https:\/\/impactodenoticias.com.ar\/index.php?rest_route=\/wp\/v2\/posts\/32277\/revisions"}],"predecessor-version":[{"id":32279,"href":"https:\/\/impactodenoticias.com.ar\/index.php?rest_route=\/wp\/v2\/posts\/32277\/revisions\/32279"}],"wp:featuredmedia":[{"embeddable":true,"href":"https:\/\/impactodenoticias.com.ar\/index.php?rest_route=\/wp\/v2\/media\/32278"}],"wp:attachment":[{"href":"https:\/\/impactodenoticias.com.ar\/index.php?rest_route=%2Fwp%2Fv2%2Fmedia&parent=32277"}],"wp:term":[{"taxonomy":"category","embeddable":true,"href":"https:\/\/impactodenoticias.com.ar\/index.php?rest_route=%2Fwp%2Fv2%2Fcategories&post=32277"},{"taxonomy":"post_tag","embeddable":true,"href":"https:\/\/impactodenoticias.com.ar\/index.php?rest_route=%2Fwp%2Fv2%2Ftags&post=32277"}],"curies":[{"name":"wp","href":"https:\/\/api.w.org\/{rel}","templated":true}]}}