{"id":32283,"date":"2026-01-01T20:16:40","date_gmt":"2026-01-01T23:16:40","guid":{"rendered":"https:\/\/impactodenoticias.com.ar\/?p=32283"},"modified":"2026-01-02T19:54:13","modified_gmt":"2026-01-02T22:54:13","slug":"la-primer-bebe-nacida-en-entre-riosen-2026-es-hadda-y-vino-a-la-vida-en-gualeguaychu","status":"publish","type":"post","link":"https:\/\/impactodenoticias.com.ar\/?p=32283","title":{"rendered":"La primer beb\u00e9 nacida en Entre R\u00edosen 2026 es Hadda y vino a la vida en Gualeguaych\u00fa"},"content":{"rendered":"\n<h2 class=\"wp-block-heading\">A las 11:20 de este 1 de enero de 2026, naci\u00f3 Hadda Maidana en el Hospital Centenario de Gualeguaych\u00fa. La bebita, la primera nacida en su ciudad, naci\u00f3 con un peso de 2,810 kgs y por ces\u00e1rea.<\/h2>\n\n\n\n<p>\u201cTanto la chiquita como su mam\u00e1 Mar\u00eda Agustina Adriel gozan de perfecto estado de salud\u201d, se\u00f1alaron desde el nosocomio.<\/p>\n\n\n\n<p>Estuvieron junto a los padres, en ese momento tan especial para la familia, personal de Obstetricia, de Ginecolog\u00eda y de Enfermer\u00eda.<\/p>\n","protected":false},"excerpt":{"rendered":"<p>A las 11:20 de este 1 de enero de 2026, naci&oacute; Hadda Maidana en el Hospital Centenario de Gualeguaych&uacute;. La bebita, la primera nacida en su ciudad, naci&oacute; con un peso de 2,810 kgs y por ces&aacute;rea. &ldquo;Tanto la chiquita como su mam&aacute; Mar&iacute;a Agustina Adriel gozan de perfecto estado de salud&rdquo;, se&ntilde;alaron desde el [&hellip;]<\/p>\n","protected":false},"author":2,"featured_media":32284,"comment_status":"closed","ping_status":"closed","sticky":false,"template":"","format":"standard","meta":{"footnotes":""},"categories":[4,49],"tags":[6235,767,33,6441,3158],"class_list":["post-32283","post","type-post","status-publish","format-standard","has-post-thumbnail","hentry","category-provinciales","category-sociedad","tag-6235","tag-bebe","tag-entre-rios","tag-hadda","tag-primer"],"_links":{"self":[{"href":"https:\/\/impactodenoticias.com.ar\/index.php?rest_route=\/wp\/v2\/posts\/32283","targetHints":{"allow":["GET"]}}],"collection":[{"href":"https:\/\/impactodenoticias.com.ar\/index.php?rest_route=\/wp\/v2\/posts"}],"about":[{"href":"https:\/\/impactodenoticias.com.ar\/index.php?rest_route=\/wp\/v2\/types\/post"}],"author":[{"embeddable":true,"href":"https:\/\/impactodenoticias.com.ar\/index.php?rest_route=\/wp\/v2\/users\/2"}],"replies":[{"embeddable":true,"href":"https:\/\/impactodenoticias.com.ar\/index.php?rest_route=%2Fwp%2Fv2%2Fcomments&post=32283"}],"version-history":[{"count":1,"href":"https:\/\/impactodenoticias.com.ar\/index.php?rest_route=\/wp\/v2\/posts\/32283\/revisions"}],"predecessor-version":[{"id":32285,"href":"https:\/\/impactodenoticias.com.ar\/index.php?rest_route=\/wp\/v2\/posts\/32283\/revisions\/32285"}],"wp:featuredmedia":[{"embeddable":true,"href":"https:\/\/impactodenoticias.com.ar\/index.php?rest_route=\/wp\/v2\/media\/32284"}],"wp:attachment":[{"href":"https:\/\/impactodenoticias.com.ar\/index.php?rest_route=%2Fwp%2Fv2%2Fmedia&parent=32283"}],"wp:term":[{"taxonomy":"category","embeddable":true,"href":"https:\/\/impactodenoticias.com.ar\/index.php?rest_route=%2Fwp%2Fv2%2Fcategories&post=32283"},{"taxonomy":"post_tag","embeddable":true,"href":"https:\/\/impactodenoticias.com.ar\/index.php?rest_route=%2Fwp%2Fv2%2Ftags&post=32283"}],"curies":[{"name":"wp","href":"https:\/\/api.w.org\/{rel}","templated":true}]}}