{"id":32310,"date":"2026-01-02T19:53:21","date_gmt":"2026-01-02T22:53:21","guid":{"rendered":"https:\/\/impactodenoticias.com.ar\/?p=32310"},"modified":"2026-01-05T12:13:55","modified_gmt":"2026-01-05T15:13:55","slug":"con-nuevo-equipamiento-el-hospital-santa-elena-mejoro-su-capacidad-de-atencion-en-con-nuevo-equipamiento","status":"publish","type":"post","link":"https:\/\/impactodenoticias.com.ar\/?p=32310","title":{"rendered":"Con nuevo equipamiento, el Hospital de Santa Elena mejor\u00f3 su capacidad de atenci\u00f3n en con nuevo equipamiento"},"content":{"rendered":"\n<h2 class=\"wp-block-heading\">El hospital de Santa Elena incorpor\u00f3 un consultorio equipado con un nuevo sill\u00f3n odontol\u00f3gico y todos sus instrumentos, lo que le permitir\u00e1 ampliar sus prestaciones, adem\u00e1s de las extracciones que se ven\u00edan realizando en el establecimiento, adem\u00e1s ahora se podr\u00e1n efectuar limpiezas y arreglos bucodentales, fortaleciendo la atenci\u00f3n odontol\u00f3gica para la comunidad.<\/h2>\n\n\n\n<p>El director general de Recursos Materiales Hospitalarios y Centros de Atenci\u00f3n Primaria de la Salud del Ministerio de Salud de Entre R\u00edos, Santiago Romero Ayala, explic\u00f3 que la mejora \u201cforma parte de la donaci\u00f3n de 15 sillones odontol\u00f3gicos por parte de la Comisi\u00f3n T\u00e9cnica Mixta de Salto Grande (CTM), en el marco de una pol\u00edtica impulsada por el ministro de Salud Daniel Blanzaco, quien prioriz\u00f3 la asignaci\u00f3n de este equipamiento a los lugares con mayores necesidades de la provincia, entre ellos Santa Elena\u201d.<\/p>\n\n\n\n<p>La directora del nosocomio, Lisandra Ortellado, subray\u00f3 la importancia del acompa\u00f1amiento permanente, \u201ctanto por parte del ministro Daniel Blanzaco como de todas las \u00e1reas del Ministerio de Salud, que se encuentran siempre a disposici\u00f3n para las consultas y los tr\u00e1mites que se gestionan desde nuestro hospital\u201d.<\/p>\n\n\n\n<p>Ortellado agradeci\u00f3 adem\u00e1s a la Cooperadora por la donaci\u00f3n del compresor y elementos para el nuevo consultorio, que se encuentra ubicado en el \u00c1rea Modular de la instituci\u00f3n.<\/p>\n","protected":false},"excerpt":{"rendered":"<p>El hospital de Santa Elena incorpor&oacute; un consultorio equipado con un nuevo sill&oacute;n odontol&oacute;gico y todos sus instrumentos, lo que le permitir&aacute; ampliar sus prestaciones, adem&aacute;s de las extracciones que se ven&iacute;an realizando en el establecimiento, adem&aacute;s ahora se podr&aacute;n efectuar limpiezas y arreglos bucodentales, fortaleciendo la atenci&oacute;n odontol&oacute;gica para la comunidad. El director general [&hellip;]<\/p>\n","protected":false},"author":2,"featured_media":32311,"comment_status":"closed","ping_status":"closed","sticky":false,"template":"","format":"standard","meta":{"footnotes":""},"categories":[1902,49],"tags":[1244,141,6450,439],"class_list":["post-32310","post","type-post","status-publish","format-standard","has-post-thumbnail","hentry","category-municipales","category-sociedad","tag-equipamiento","tag-hospital","tag-odontologico","tag-santa-elena"],"_links":{"self":[{"href":"https:\/\/impactodenoticias.com.ar\/index.php?rest_route=\/wp\/v2\/posts\/32310","targetHints":{"allow":["GET"]}}],"collection":[{"href":"https:\/\/impactodenoticias.com.ar\/index.php?rest_route=\/wp\/v2\/posts"}],"about":[{"href":"https:\/\/impactodenoticias.com.ar\/index.php?rest_route=\/wp\/v2\/types\/post"}],"author":[{"embeddable":true,"href":"https:\/\/impactodenoticias.com.ar\/index.php?rest_route=\/wp\/v2\/users\/2"}],"replies":[{"embeddable":true,"href":"https:\/\/impactodenoticias.com.ar\/index.php?rest_route=%2Fwp%2Fv2%2Fcomments&post=32310"}],"version-history":[{"count":2,"href":"https:\/\/impactodenoticias.com.ar\/index.php?rest_route=\/wp\/v2\/posts\/32310\/revisions"}],"predecessor-version":[{"id":32313,"href":"https:\/\/impactodenoticias.com.ar\/index.php?rest_route=\/wp\/v2\/posts\/32310\/revisions\/32313"}],"wp:featuredmedia":[{"embeddable":true,"href":"https:\/\/impactodenoticias.com.ar\/index.php?rest_route=\/wp\/v2\/media\/32311"}],"wp:attachment":[{"href":"https:\/\/impactodenoticias.com.ar\/index.php?rest_route=%2Fwp%2Fv2%2Fmedia&parent=32310"}],"wp:term":[{"taxonomy":"category","embeddable":true,"href":"https:\/\/impactodenoticias.com.ar\/index.php?rest_route=%2Fwp%2Fv2%2Fcategories&post=32310"},{"taxonomy":"post_tag","embeddable":true,"href":"https:\/\/impactodenoticias.com.ar\/index.php?rest_route=%2Fwp%2Fv2%2Ftags&post=32310"}],"curies":[{"name":"wp","href":"https:\/\/api.w.org\/{rel}","templated":true}]}}