{"id":32326,"date":"2026-01-03T14:52:01","date_gmt":"2026-01-03T17:52:01","guid":{"rendered":"https:\/\/impactodenoticias.com.ar\/?p=32326"},"modified":"2026-01-05T12:13:16","modified_gmt":"2026-01-05T15:13:16","slug":"robar-comida-a-los-pobres-el-escandalo-que-desnuda-la-podredumbre-de-la-politica-social-en-entre-rios","status":"publish","type":"post","link":"https:\/\/impactodenoticias.com.ar\/?p=32326","title":{"rendered":"Robar comida a los pobres: el esc\u00e1ndalo que desnuda la podredumbre de la pol\u00edtica social en Entre R\u00edos"},"content":{"rendered":"\n<h2 class=\"wp-block-heading\">No fue un error, no fue un descuido y no fue una \u201cdesprolijidad administrativa\u201d. Fue una operatoria aceitada para quedarse con alimentos destinados a los que menos tienen. Camiones oficiales, dep\u00f3sitos privados, fundaciones amigas y silencio institucional. El hambre convertido en bot\u00edn.<\/h2>\n\n\n\n<p>Hay delitos que son punibles en el C\u00f3digo Penal y otros que deber\u00edan marcar para siempre a quienes los cometen. Desviar alimentos destinados a la asistencia social pertenece a esta \u00faltima categor\u00eda. No es una viveza, no es una irregularidad t\u00e9cnica ni un problema de papeles: es una forma de violencia contra los sectores m\u00e1s vulnerables. En Entre R\u00edos, una investigaci\u00f3n judicial empez\u00f3 a ponerle nombre, log\u00edstica y responsables a una trama que muestra hasta d\u00f3nde puede llegar la degradaci\u00f3n del poder cuando el control desaparece y la impunidad se naturaliza.<\/p>\n\n\n\n<p>La causa impulsada por la Fiscal\u00eda a cargo de Juan Francisco Ram\u00edrez Montrul dej\u00f3 al descubierto algo que muchos sospechaban y pocos se animaban a decir: la pol\u00edtica social fue utilizada como un reservorio de mercader\u00eda para usos ajenos a su destino. Alimentos comprados con fondos p\u00fablicos, destinados a paliar el hambre, terminaron almacenados en inmuebles particulares, descargados en locales vinculados al poder y administrados como si fueran propiedad privada.<\/p>\n\n\n\n<p>Los allanamientos simult\u00e1neos no fueron casuales ni improvisados. Fueron la consecuencia de indicios claros, reiterados y s\u00f3lidos. Tres inmuebles allanados, un cuarto ya bajo la lupa, y una cantidad significativa de mercader\u00eda secuestrada: leche en polvo, aceite, harina, fideos, arroz, yerba, az\u00facar, polenta, cacao. No productos de lujo. No excedentes. La base misma de la asistencia alimentaria. Lo indispensable para sobrevivir.<\/p>\n\n\n\n<p>Los operativos ordenados por la Justicia, se realizaron en la ciudad de Paran\u00e1 e involucraron a una propiedad ubicada en inmediaciones del numeral 2300 de calle Facundo; otro en la intersecci\u00f3n de Virgen de Luj\u00e1n y Los Talas (esta propiedad estar\u00eda vinculada a Rosana Mabel Toso (concejal de Paran\u00e1 e integra el bloque Juntos por Entre R\u00edos); y un tercero en Ceferino Namuncur\u00e1 y Cortada 620.<\/p>\n\n\n\n<p>Nada de esto ocurre por accidente. Para que un cami\u00f3n oficial salga, cargue mercader\u00eda del Ministerio de Desarrollo Humano, circule por la ciudad y descargue en lugares que no son comedores ni centros comunitarios, hace falta algo m\u00e1s que audacia. Hace falta una estructura. Hace falta coordinaci\u00f3n. Hace falta la certeza de que nadie va a preguntar nada.<\/p>\n\n\n\n<p>Los nombres que aparecen en el expediente \u2014Gabriel Jerem\u00edas Dur\u00e9, una persona de apellido Larrea, Pl\u00e1cido Jes\u00fas Ledesma, entre otros\u2014 son apenas la punta del iceberg. La Justicia determinar\u00e1 responsabilidades individuales, pero el problema es mucho m\u00e1s profundo: lo que est\u00e1 en juego es un sistema que funcion\u00f3 con una tranquilidad escalofriante, como si desviar comida para los pobres fuera parte del paisaje cotidiano del poder.<\/p>\n\n\n\n<p>El dato que termin\u00f3 de romper cualquier intento de relativizaci\u00f3n es el video incorporado a la causa. Un cami\u00f3n identificado con el Ministerio de Desarrollo Humano descargando mercader\u00eda en un local vinculado a la Fundaci\u00f3n \u201cHacemos Argentina\u201d, a plena luz del d\u00eda, sin ocultamientos ni apuros. La escena no transmite clandestinidad: transmite costumbre. Y eso es lo m\u00e1s grave.<\/p>\n\n\n\n<p>La fundaci\u00f3n est\u00e1 ligada pol\u00edticamente al secretario de Modernizaci\u00f3n, <strong>EMANUEL GAINZA<\/strong>. Nadie est\u00e1 condenado de antemano, pero tampoco se puede fingir sorpresa. Cuando recursos p\u00fablicos aparecen orbitando estructuras cercanas al oficialismo, la explicaci\u00f3n no puede reducirse a un \u201cno sab\u00eda\u201d o a un \u201cme usaron\u201d. La pol\u00edtica no se mide solo por lo que se firma, sino por lo que se permite.<\/p>\n\n\n\n<p>El Ministerio de Desarrollo Humano, conducido por Ver\u00f3nica Berisso, no puede correrse del centro de la escena. Aunque la investigaci\u00f3n no le adjudique por ahora responsabilidad penal directa, los hechos exponen un fracaso rotundo en los mecanismos de control. \u00bfD\u00f3nde estaba la trazabilidad? \u00bfD\u00f3nde estaban las auditor\u00edas? \u00bfQui\u00e9n miraba para otro lado mientras la mercader\u00eda cambiaba de destino?<\/p>\n\n\n\n<p>Pensar que todo esto pudo suceder sin alg\u00fan tipo de cobertura pol\u00edtica es, como m\u00ednimo, ingenuo. La magnitud del desv\u00edo y la reiteraci\u00f3n de las maniobras indican fallas estructurales, no errores aislados. Y cuando fallan los controles en un \u00e1rea tan sensible, lo que queda al desnudo es la desidia o la complicidad.<\/p>\n\n\n\n<p>Cada paquete secuestrado representa una ausencia concreta. Una familia que no recibi\u00f3 ayuda. Un plato que no lleg\u00f3 a una mesa. El da\u00f1o no es simb\u00f3lico: es real, cotidiano y cruel. En una provincia donde miles dependen de la asistencia estatal para comer, jugar con la comida es jugar con la dignidad humana.<\/p>\n\n\n\n<p>Este esc\u00e1ndalo no es solo judicial. Es pol\u00edtico, \u00e9tico e institucional. La Justicia tiene la obligaci\u00f3n de avanzar sin mirar apellidos ni cargos. El Poder Ejecutivo debe dar explicaciones claras, no comunicados vac\u00edos. Y la dirigencia en su conjunto deber\u00eda sentir verg\u00fcenza.<\/p>\n\n\n\n<p>Porque cuando el hambre se convierte en moneda de intercambio, la pol\u00edtica deja de ser una herramienta de transformaci\u00f3n y se transforma en una m\u00e1quina de cinismo. No hay relato que tape esto. No hay excusa que alcance. Robar comida destinada a los pobres no es solo corrupci\u00f3n: es una de sus formas m\u00e1s miserables.<\/p>\n\n\n\n<p><\/p>\n\n\n\n<figure class=\"wp-block-video\"><video height=\"850\" style=\"aspect-ratio: 478 \/ 850;\" width=\"478\" controls src=\"https:\/\/impactodenoticias.com.ar\/wp-content\/uploads\/2026\/01\/WhatsApp-Video-2026-01-03-at-1.26.01-PM.mp4\"><\/video><\/figure>\n\n\n\n<p><\/p>\n\n\n\n<p><\/p>\n","protected":false},"excerpt":{"rendered":"<p>No fue un error, no fue un descuido y no fue una &ldquo;desprolijidad administrativa&rdquo;. Fue una operatoria aceitada para quedarse con alimentos destinados a los que menos tienen. Camiones oficiales, dep&oacute;sitos privados, fundaciones amigas y silencio institucional. El hambre convertido en bot&iacute;n. Hay delitos que son punibles en el C&oacute;digo Penal y otros que deber&iacute;an [&hellip;]<\/p>\n","protected":false},"author":2,"featured_media":32328,"comment_status":"closed","ping_status":"closed","sticky":false,"template":"","format":"standard","meta":{"footnotes":""},"categories":[90,3,11,4],"tags":[1780,5944,33,1575,6455,6454,6453,6456,95,6457,814,751],"class_list":["post-32326","post","type-post","status-publish","format-standard","has-post-thumbnail","hentry","category-judicial","category-locales","category-politica","category-provinciales","tag-desarrollo","tag-emanuel-gainza","tag-entre-rios","tag-escandalo","tag-gabriel-jeremias-dure","tag-humano","tag-juan-francisco-ramirez-montrull","tag-larrea","tag-parana","tag-placido-jesus-ledesma","tag-politica","tag-veronica-berisso"],"_links":{"self":[{"href":"https:\/\/impactodenoticias.com.ar\/index.php?rest_route=\/wp\/v2\/posts\/32326","targetHints":{"allow":["GET"]}}],"collection":[{"href":"https:\/\/impactodenoticias.com.ar\/index.php?rest_route=\/wp\/v2\/posts"}],"about":[{"href":"https:\/\/impactodenoticias.com.ar\/index.php?rest_route=\/wp\/v2\/types\/post"}],"author":[{"embeddable":true,"href":"https:\/\/impactodenoticias.com.ar\/index.php?rest_route=\/wp\/v2\/users\/2"}],"replies":[{"embeddable":true,"href":"https:\/\/impactodenoticias.com.ar\/index.php?rest_route=%2Fwp%2Fv2%2Fcomments&post=32326"}],"version-history":[{"count":1,"href":"https:\/\/impactodenoticias.com.ar\/index.php?rest_route=\/wp\/v2\/posts\/32326\/revisions"}],"predecessor-version":[{"id":32329,"href":"https:\/\/impactodenoticias.com.ar\/index.php?rest_route=\/wp\/v2\/posts\/32326\/revisions\/32329"}],"wp:featuredmedia":[{"embeddable":true,"href":"https:\/\/impactodenoticias.com.ar\/index.php?rest_route=\/wp\/v2\/media\/32328"}],"wp:attachment":[{"href":"https:\/\/impactodenoticias.com.ar\/index.php?rest_route=%2Fwp%2Fv2%2Fmedia&parent=32326"}],"wp:term":[{"taxonomy":"category","embeddable":true,"href":"https:\/\/impactodenoticias.com.ar\/index.php?rest_route=%2Fwp%2Fv2%2Fcategories&post=32326"},{"taxonomy":"post_tag","embeddable":true,"href":"https:\/\/impactodenoticias.com.ar\/index.php?rest_route=%2Fwp%2Fv2%2Ftags&post=32326"}],"curies":[{"name":"wp","href":"https:\/\/api.w.org\/{rel}","templated":true}]}}