{"id":32330,"date":"2026-01-03T15:02:50","date_gmt":"2026-01-03T18:02:50","guid":{"rendered":"https:\/\/impactodenoticias.com.ar\/?p=32330"},"modified":"2026-01-05T12:13:20","modified_gmt":"2026-01-05T15:13:20","slug":"emanuel-gainza-y-el-estado-paralelo-fundaciones-alimentos-desviados-y-un-historial-de-sombras","status":"publish","type":"post","link":"https:\/\/impactodenoticias.com.ar\/?p=32330","title":{"rendered":"Emanuel Gainza y el Estado paralelo: fundaciones, alimentos desviados y un historial de sombras"},"content":{"rendered":"\n<h2 class=\"wp-block-heading\">Un video, un cami\u00f3n oficial y alimentos sociales descargados en un espacio vinculado a su entorno pol\u00edtico. Emanuel Gainza qued\u00f3 UNA VEZ M\u00c1S en el centro de una investigaci\u00f3n que expone algo m\u00e1s profundo que un posible desv\u00edo: una forma de ejercer poder donde las fronteras entre el Estado, las fundaciones amigas y los recursos p\u00fablicos aparecen peligrosamente borradas.<\/h2>\n\n\n\n<p>El esc\u00e1ndalo por el desv\u00edo de alimentos destinados a los sectores m\u00e1s vulnerables de Entre R\u00edos no solo puso bajo la lupa a una red operativa y log\u00edstica. Tambi\u00e9n coloc\u00f3 en el centro del debate p\u00fablico a un nombre propio: Emanuel Gainza. Secretario de Modernizaci\u00f3n, dirigente con proyecci\u00f3n y figura clave del oficialismo provincial, hoy aparece vinculado \u2014al menos pol\u00edticamente\u2014 a una trama que incomoda y exige explicaciones urgentes.<\/p>\n\n\n\n<p>La investigaci\u00f3n judicial incorpor\u00f3 un elemento de alto impacto: un video que muestra a un cami\u00f3n identificado con el Ministerio de Desarrollo Humano descargando mercader\u00eda estatal en un local vinculado a la Fundaci\u00f3n \u201cHacemos Argentina\u201d, impulsada pol\u00edticamente por Gainza. La escena es directa, sin disimulos y a plena luz del d\u00eda. No hay clandestinidad. Hay rutina. Y eso, en pol\u00edtica, es una se\u00f1al de alarma.<\/p>\n\n\n\n<p>Nadie afirma, por ahora, que Gainza haya cometido un delito. Pero tampoco se puede ignorar el contexto. Cuando alimentos destinados a combatir el hambre terminan en espacios ligados al entorno de un funcionario de primera l\u00ednea, la discusi\u00f3n deja de ser t\u00e9cnica y se vuelve institucional. \u00bfQu\u00e9 hac\u00eda all\u00ed esa mercader\u00eda? \u00bfQui\u00e9n autoriz\u00f3 el traslado? \u00bfBajo qu\u00e9 programa? \u00bfCon qu\u00e9 controles? Hasta ahora, las respuestas no llegaron.<\/p>\n\n\n\n<p>El silencio del funcionario agrava el cuadro. En una provincia golpeada por la pobreza y la demanda social, callar frente a un hecho de esta gravedad no es una estrategia prudente: es una decisi\u00f3n pol\u00edtica. Y las decisiones pol\u00edticas tambi\u00e9n se juzgan.<\/p>\n\n\n\n<p>El caso actual no aparece en el vac\u00edo. Gainza no es un actor marginal ni un reci\u00e9n llegado. A lo largo de su carrera p\u00fablica, su nombre ya ha estado rodeado de cuestionamientos, pol\u00e9micas y sospechas pol\u00edticas, especialmente vinculadas al uso de estructuras paralelas, armado de fundaciones, manejo de programas y construcci\u00f3n de poder por fuera de los canales tradicionales del Estado. Siempre en el l\u00edmite. Siempre en zonas grises. Siempre con explicaciones que llegan tarde o no llegan.<\/p>\n\n\n\n<p>Nunca condenado, pero tampoco ajeno a la controversia. Nunca imputado, pero recurrentemente se\u00f1alado. Esa acumulaci\u00f3n de episodios no prueba delitos, pero s\u00ed construye un patr\u00f3n que hoy vuelve a emerger con fuerza: la dificultad para separar lo p\u00fablico de lo propio, el Estado de lo partidario, la pol\u00edtica social de la conveniencia pol\u00edtica.<\/p>\n\n\n\n<p>El lema de la fundaci\u00f3n vinculada a este caso \u2014\u201cSomos lo que hacemos\u201d\u2014 se vuelve, en este contexto, casi una iron\u00eda cruel. Porque lo que hoy se investiga no es solidaridad transparente ni militancia social genuina, sino la posible utilizaci\u00f3n de recursos del Estado a trav\u00e9s de estructuras afines, sin trazabilidad clara ni controles visibles.<\/p>\n\n\n\n<p>La pregunta de fondo no es solo judicial. Es democr\u00e1tica. \u00bfQu\u00e9 modelo de gesti\u00f3n representa Emanuel Gainza? \u00bfUno donde el Estado act\u00faa con reglas claras y controles estrictos, o uno donde los v\u00ednculos pol\u00edticos habilitan atajos, zonas liberadas y confusi\u00f3n deliberada?<\/p>\n\n\n\n<p>La Justicia deber\u00e1 avanzar y determinar si hubo delito. Pero la pol\u00edtica no puede esconderse detr\u00e1s de los tiempos judiciales. Gainza tiene la obligaci\u00f3n institucional de explicar qu\u00e9 relaci\u00f3n tiene \u2014o no tiene\u2014 con los espacios donde apareci\u00f3 la mercader\u00eda desviada. No por la causa penal, sino por la salud del sistema democr\u00e1tico.<\/p>\n\n\n\n<p>Porque cuando los alimentos de los pobres aparecen mezclados con fundaciones del poder, no solo se da\u00f1a una pol\u00edtica p\u00fablica. Se erosiona la confianza social. Y eso, para cualquier dirigente que aspire a futuro, deber\u00eda ser una mancha imposible de ignorar.<\/p>\n","protected":false},"excerpt":{"rendered":"<p>Un video, un cami&oacute;n oficial y alimentos sociales descargados en un espacio vinculado a su entorno pol&iacute;tico. Emanuel Gainza qued&oacute; UNA VEZ M&Aacute;S en el centro de una investigaci&oacute;n que expone algo m&aacute;s profundo que un posible desv&iacute;o: una forma de ejercer poder donde las fronteras entre el Estado, las fundaciones amigas y los recursos [&hellip;]<\/p>\n","protected":false},"author":2,"featured_media":32331,"comment_status":"closed","ping_status":"closed","sticky":false,"template":"","format":"standard","meta":{"footnotes":""},"categories":[90,11,4,49],"tags":[1268,971,5944,3639,6459],"class_list":["post-32330","post","type-post","status-publish","format-standard","has-post-thumbnail","hentry","category-judicial","category-politica","category-provinciales","category-sociedad","tag-alimentos","tag-desvio","tag-emanuel-gainza","tag-fundacion","tag-hacer-argentina"],"_links":{"self":[{"href":"https:\/\/impactodenoticias.com.ar\/index.php?rest_route=\/wp\/v2\/posts\/32330","targetHints":{"allow":["GET"]}}],"collection":[{"href":"https:\/\/impactodenoticias.com.ar\/index.php?rest_route=\/wp\/v2\/posts"}],"about":[{"href":"https:\/\/impactodenoticias.com.ar\/index.php?rest_route=\/wp\/v2\/types\/post"}],"author":[{"embeddable":true,"href":"https:\/\/impactodenoticias.com.ar\/index.php?rest_route=\/wp\/v2\/users\/2"}],"replies":[{"embeddable":true,"href":"https:\/\/impactodenoticias.com.ar\/index.php?rest_route=%2Fwp%2Fv2%2Fcomments&post=32330"}],"version-history":[{"count":1,"href":"https:\/\/impactodenoticias.com.ar\/index.php?rest_route=\/wp\/v2\/posts\/32330\/revisions"}],"predecessor-version":[{"id":32332,"href":"https:\/\/impactodenoticias.com.ar\/index.php?rest_route=\/wp\/v2\/posts\/32330\/revisions\/32332"}],"wp:featuredmedia":[{"embeddable":true,"href":"https:\/\/impactodenoticias.com.ar\/index.php?rest_route=\/wp\/v2\/media\/32331"}],"wp:attachment":[{"href":"https:\/\/impactodenoticias.com.ar\/index.php?rest_route=%2Fwp%2Fv2%2Fmedia&parent=32330"}],"wp:term":[{"taxonomy":"category","embeddable":true,"href":"https:\/\/impactodenoticias.com.ar\/index.php?rest_route=%2Fwp%2Fv2%2Fcategories&post=32330"},{"taxonomy":"post_tag","embeddable":true,"href":"https:\/\/impactodenoticias.com.ar\/index.php?rest_route=%2Fwp%2Fv2%2Ftags&post=32330"}],"curies":[{"name":"wp","href":"https:\/\/api.w.org\/{rel}","templated":true}]}}