{"id":32339,"date":"2026-01-05T11:55:13","date_gmt":"2026-01-05T14:55:13","guid":{"rendered":"https:\/\/impactodenoticias.com.ar\/?p=32339"},"modified":"2026-01-05T11:55:13","modified_gmt":"2026-01-05T14:55:13","slug":"tragedia-vial-en-el-ingreso-a-chajari-cuatro-personas-murieron-calcinadas-tras-despistarse-un-vehiculo","status":"publish","type":"post","link":"https:\/\/impactodenoticias.com.ar\/?p=32339","title":{"rendered":"Tragedia vial en el ingreso a Chajar\u00ed: cuatro personas murieron calcinadas tras despistarse un veh\u00edculo"},"content":{"rendered":"\n<h2 class=\"wp-block-heading\">Un autom\u00f3vil se incendi\u00f3 luego de perder el control sobre la Ruta Nacional 14, a la altura del Acceso Norte a Chajar\u00ed. Cuatro ocupantes fallecieron en el lugar y una adolescente result\u00f3 gravemente herida, siendo derivada a Paran\u00e1.<\/h2>\n\n\n\n<p>Un tr\u00e1gico siniestro vial se registr\u00f3 en la madrugada de este lunes sobre la Ruta Nacional 14, en el empalme con la avenida 25 de Mayo, en el ingreso a la ciudad de Chajar\u00ed. Por causas que se encuentran bajo investigaci\u00f3n, un Volkswagen Suran que circulaba en sentido sur-norte perdi\u00f3 el control, se despist\u00f3 y se incendi\u00f3, provocando la muerte de cuatro de sus ocupantes.<\/p>\n\n\n\n<p><\/p>\n\n\n\n<figure class=\"wp-block-image size-full\"><img loading=\"lazy\" decoding=\"async\" width=\"696\" height=\"415\" src=\"https:\/\/impactodenoticias.com.ar\/wp-content\/uploads\/2026\/01\/Tragedia-Vial-Chajari.png\" alt=\"\" class=\"wp-image-32340\" srcset=\"https:\/\/impactodenoticias.com.ar\/wp-content\/uploads\/2026\/01\/Tragedia-Vial-Chajari.png 696w, https:\/\/impactodenoticias.com.ar\/wp-content\/uploads\/2026\/01\/Tragedia-Vial-Chajari-300x179.png 300w\" sizes=\"auto, (max-width: 696px) 100vw, 696px\" \/><\/figure>\n\n\n\n<p><\/p>\n\n\n\n<p>El hecho fue reportado alrededor de la 1:10 desde el Puesto Policial Paso Cerrito, ubicado en el kil\u00f3metro 341 de la traza nacional. Al arribar al lugar, el personal policial encontr\u00f3 el veh\u00edculo completamente envuelto en llamas y constat\u00f3 la presencia de al menos tres cuerpos en su interior. Minutos despu\u00e9s, Bomberos Voluntarios lograron sofocar el foco \u00edgneo y confirmaron que eran cuatro las personas fallecidas.<\/p>\n\n\n\n<p>Las v\u00edctimas fueron identificadas como David Techeira, de 30 a\u00f1os; Nora del Carmen Techeira, de 44; y las j\u00f3venes Omaira Ruth Mart\u00ednez, de 17 a\u00f1os, y Gabriela Liz Mart\u00ednez, de 20. Todas las personas ten\u00edan domicilio en la ciudad de General Roca, provincia de R\u00edo Negro.<\/p>\n\n\n\n<p>En el mismo veh\u00edculo viajaba una quinta ocupante, una adolescente de 17 a\u00f1os, quien fue rescatada con vida y trasladada de urgencia al Hospital Santa Rosa de Chajar\u00ed. Debido a la gravedad de sus lesiones, posteriormente fue derivada al Hospital San Mart\u00edn de Paran\u00e1. La joven fue identificada como Astrid Raquel Mart\u00ednez.<\/p>\n\n\n\n<p>De acuerdo a la informaci\u00f3n recabada, se presume que la sobreviviente ser\u00eda hermana melliza de una de las v\u00edctimas fatales, considerando la coincidencia de edad y la numeraci\u00f3n consecutiva de los documentos de identidad.<\/p>\n\n\n\n<p>Las autoridades judiciales intervinientes dispusieron la realizaci\u00f3n de las autopsias correspondientes para avanzar en la investigaci\u00f3n y esclarecer las circunstancias que derivaron en el fatal accidente. Mientras tanto, contin\u00faan las actuaciones policiales en el marco de una causa por siniestro vial con consecuencias fatales.<\/p>\n\n\n\n<p>#ImpactoDeNoticias<\/p>\n","protected":false},"excerpt":{"rendered":"<p>Un autom&oacute;vil se incendi&oacute; luego de perder el control sobre la Ruta Nacional 14, a la altura del Acceso Norte a Chajar&iacute;. Cuatro ocupantes fallecieron en el lugar y una adolescente result&oacute; gravemente herida, siendo derivada a Paran&aacute;. Un tr&aacute;gico siniestro vial se registr&oacute; en la madrugada de este lunes sobre la Ruta Nacional 14, [&hellip;]<\/p>\n","protected":false},"author":2,"featured_media":32341,"comment_status":"closed","ping_status":"closed","sticky":false,"template":"","format":"standard","meta":{"footnotes":""},"categories":[8,4],"tags":[211,108,189],"class_list":["post-32339","post","type-post","status-publish","format-standard","has-post-thumbnail","hentry","category-policiales","category-provinciales","tag-chajari","tag-tragedia","tag-vial"],"_links":{"self":[{"href":"https:\/\/impactodenoticias.com.ar\/index.php?rest_route=\/wp\/v2\/posts\/32339","targetHints":{"allow":["GET"]}}],"collection":[{"href":"https:\/\/impactodenoticias.com.ar\/index.php?rest_route=\/wp\/v2\/posts"}],"about":[{"href":"https:\/\/impactodenoticias.com.ar\/index.php?rest_route=\/wp\/v2\/types\/post"}],"author":[{"embeddable":true,"href":"https:\/\/impactodenoticias.com.ar\/index.php?rest_route=\/wp\/v2\/users\/2"}],"replies":[{"embeddable":true,"href":"https:\/\/impactodenoticias.com.ar\/index.php?rest_route=%2Fwp%2Fv2%2Fcomments&post=32339"}],"version-history":[{"count":1,"href":"https:\/\/impactodenoticias.com.ar\/index.php?rest_route=\/wp\/v2\/posts\/32339\/revisions"}],"predecessor-version":[{"id":32342,"href":"https:\/\/impactodenoticias.com.ar\/index.php?rest_route=\/wp\/v2\/posts\/32339\/revisions\/32342"}],"wp:featuredmedia":[{"embeddable":true,"href":"https:\/\/impactodenoticias.com.ar\/index.php?rest_route=\/wp\/v2\/media\/32341"}],"wp:attachment":[{"href":"https:\/\/impactodenoticias.com.ar\/index.php?rest_route=%2Fwp%2Fv2%2Fmedia&parent=32339"}],"wp:term":[{"taxonomy":"category","embeddable":true,"href":"https:\/\/impactodenoticias.com.ar\/index.php?rest_route=%2Fwp%2Fv2%2Fcategories&post=32339"},{"taxonomy":"post_tag","embeddable":true,"href":"https:\/\/impactodenoticias.com.ar\/index.php?rest_route=%2Fwp%2Fv2%2Ftags&post=32339"}],"curies":[{"name":"wp","href":"https:\/\/api.w.org\/{rel}","templated":true}]}}