{"id":32372,"date":"2026-01-06T12:02:01","date_gmt":"2026-01-06T15:02:01","guid":{"rendered":"https:\/\/impactodenoticias.com.ar\/?p=32372"},"modified":"2026-01-06T12:02:02","modified_gmt":"2026-01-06T15:02:02","slug":"tala-se-dio-a-conocer-la-identidad-del-entrerriano-que-aparecio-en-el-rio","status":"publish","type":"post","link":"https:\/\/impactodenoticias.com.ar\/?p=32372","title":{"rendered":"Tala: se dio a conocer la identidad del entrerriano que apareci\u00f3 en el r\u00edo"},"content":{"rendered":"\n<h2 class=\"wp-block-heading\">Ricardo Franco, de 41 a\u00f1os, es la v\u00edctima fatal que hallaron sin vida en el r\u00edo Gualeguay. El cuerpo del hombre, oriundo de Tala, apareci\u00f3 este martes a unos 630 metros aguas abajo donde fue visto por \u00faltima vez.<\/h2>\n\n\n\n<p>En el marco de la b\u00fasqueda de las personas desaparecidas el domingo por la tarde en aguas del R\u00edo Gualeguay zona pozo La Tarucha, en la ma\u00f1ana de hoy, alrededor de las 6.30, fue localizado el cuerpo de Franco.<\/p>\n\n\n\n<p>El descubrimiento ocurri\u00f3 en el marco de los rastrillajes que se ven\u00edan desarrollando sin descanso por agua y tierra. El cuerpo fue localizado en el sector donde se concentraban las tareas de los buzos y rescatistas.<\/p>\n\n\n\n<p>La b\u00fasqueda de la segunda persona desaparecida se mantiene en estos momentos. Se trata de un joven de 26 a\u00f1os. Los esfuerzos se focalizan espec\u00edficamente en la zona del paraje \u201cLa Vanena\u201d, sobre el conocido camino de La Sal.<\/p>\n\n\n\n<p>En el lugar operan de forma coordinada varios equipos de emergencia, incluyendo Polic\u00eda, Bomberos y Prefectura, quienes enfrentan las condiciones del r\u00edo para intentar dar con el paradero del segundo desaparecido.<\/p>\n","protected":false},"excerpt":{"rendered":"<p>Ricardo Franco, de 41 a&ntilde;os, es la v&iacute;ctima fatal que hallaron sin vida en el r&iacute;o Gualeguay. El cuerpo del hombre, oriundo de Tala, apareci&oacute; este martes a unos 630 metros aguas abajo donde fue visto por &uacute;ltima vez. En el marco de la b&uacute;squeda de las personas desaparecidas el domingo por la tarde en [&hellip;]<\/p>\n","protected":false},"author":2,"featured_media":32373,"comment_status":"closed","ping_status":"closed","sticky":false,"template":"","format":"standard","meta":{"footnotes":""},"categories":[8,4],"tags":[3144,96,576,146,2497,1981],"class_list":["post-32372","post","type-post","status-publish","format-standard","has-post-thumbnail","hentry","category-policiales","category-provinciales","tag-ahogado","tag-gualeguay","tag-hallazgo","tag-hombre","tag-rio","tag-rosario-del-tala"],"_links":{"self":[{"href":"https:\/\/impactodenoticias.com.ar\/index.php?rest_route=\/wp\/v2\/posts\/32372","targetHints":{"allow":["GET"]}}],"collection":[{"href":"https:\/\/impactodenoticias.com.ar\/index.php?rest_route=\/wp\/v2\/posts"}],"about":[{"href":"https:\/\/impactodenoticias.com.ar\/index.php?rest_route=\/wp\/v2\/types\/post"}],"author":[{"embeddable":true,"href":"https:\/\/impactodenoticias.com.ar\/index.php?rest_route=\/wp\/v2\/users\/2"}],"replies":[{"embeddable":true,"href":"https:\/\/impactodenoticias.com.ar\/index.php?rest_route=%2Fwp%2Fv2%2Fcomments&post=32372"}],"version-history":[{"count":1,"href":"https:\/\/impactodenoticias.com.ar\/index.php?rest_route=\/wp\/v2\/posts\/32372\/revisions"}],"predecessor-version":[{"id":32374,"href":"https:\/\/impactodenoticias.com.ar\/index.php?rest_route=\/wp\/v2\/posts\/32372\/revisions\/32374"}],"wp:featuredmedia":[{"embeddable":true,"href":"https:\/\/impactodenoticias.com.ar\/index.php?rest_route=\/wp\/v2\/media\/32373"}],"wp:attachment":[{"href":"https:\/\/impactodenoticias.com.ar\/index.php?rest_route=%2Fwp%2Fv2%2Fmedia&parent=32372"}],"wp:term":[{"taxonomy":"category","embeddable":true,"href":"https:\/\/impactodenoticias.com.ar\/index.php?rest_route=%2Fwp%2Fv2%2Fcategories&post=32372"},{"taxonomy":"post_tag","embeddable":true,"href":"https:\/\/impactodenoticias.com.ar\/index.php?rest_route=%2Fwp%2Fv2%2Ftags&post=32372"}],"curies":[{"name":"wp","href":"https:\/\/api.w.org\/{rel}","templated":true}]}}