{"id":32378,"date":"2026-01-07T08:29:16","date_gmt":"2026-01-07T11:29:16","guid":{"rendered":"https:\/\/impactodenoticias.com.ar\/?p=32378"},"modified":"2026-01-07T08:29:16","modified_gmt":"2026-01-07T11:29:16","slug":"tala-hallaron-el-cuerpo-del-padre-del-bebe-que-cayo-al-rio-gualeguay-junto-a-un-amigo","status":"publish","type":"post","link":"https:\/\/impactodenoticias.com.ar\/?p=32378","title":{"rendered":"Tala: hallaron el cuerpo del padre del beb\u00e9 que cay\u00f3 al r\u00edo Gualeguay junto a un amigo"},"content":{"rendered":"\n<h2 class=\"wp-block-heading\">El cuerpo del infortunado hombre fue encontrado por personal de Bomberos Voluntarios a unos 20 minutos de distancia en lancha del lugar de la ca\u00edda.<\/h2>\n\n\n\n<p>Este martes se confirm\u00f3 el hallazgo del cuerpo de Pablo Ram\u00f3n Zacar\u00edas, de 26 a\u00f1os, quien hab\u00eda desaparecido el domingo en el r\u00edo Gualeguay, en la zona conocida como Pozo La Tarucha. Poco antes en horas de la ma\u00f1ana, se hab\u00eda hallado el cuerpo de Ricardo Franco, de 41, amigo de la familia.<\/p>\n\n\n\n<p>El lamentable hecho sucedi\u00f3 cuando Zacar\u00edas resbal\u00f3 en la barranca y cay\u00f3 al agua mientras sosten\u00eda a su hijo de un a\u00f1o. El peque\u00f1o fue rescatado por Franco, no obstante ambos adultos fueron arrastrados por la corriente.<\/p>\n\n\n\n<p>En el lugar se encontraban tambi\u00e9n Juana Liliana Dom\u00ednguez, pareja de Zacar\u00edas y madre del beb\u00e9, junto a una amiga adolescente. Dom\u00ednguez relat\u00f3 que su pareja no sab\u00eda nadar, mientras que Franco s\u00ed, sin embargo no logr\u00f3 salir del agua tras salvar al ni\u00f1o.<\/p>\n\n\n\n<p>El operativo de b\u00fasqueda fue desplegado por Bomberos Zapadores y Voluntarios de Tala y Gualeguay, con embarcaciones y bajo la coordinaci\u00f3n de la fiscal Laila Taleb. Tras dos d\u00edas de intensas tareas de b\u00fasqueda, finalmente se logr\u00f3 recuperar los cuerpos de las v\u00edctimas.<\/p>\n","protected":false},"excerpt":{"rendered":"<p>El cuerpo del infortunado hombre fue encontrado por personal de Bomberos Voluntarios a unos 20 minutos de distancia en lancha del lugar de la ca&iacute;da. Este martes se confirm&oacute; el hallazgo del cuerpo de Pablo Ram&oacute;n Zacar&iacute;as, de 26 a&ntilde;os, quien hab&iacute;a desaparecido el domingo en el r&iacute;o Gualeguay, en la zona conocida como Pozo [&hellip;]<\/p>\n","protected":false},"author":2,"featured_media":32379,"comment_status":"closed","ping_status":"closed","sticky":false,"template":"","format":"standard","meta":{"footnotes":""},"categories":[8,4],"tags":[767,260,96,3018,2285,2497,4808],"class_list":["post-32378","post","type-post","status-publish","format-standard","has-post-thumbnail","hentry","category-policiales","category-provinciales","tag-bebe","tag-cuerpo","tag-gualeguay","tag-hallaron","tag-padre","tag-rio","tag-tala"],"_links":{"self":[{"href":"https:\/\/impactodenoticias.com.ar\/index.php?rest_route=\/wp\/v2\/posts\/32378","targetHints":{"allow":["GET"]}}],"collection":[{"href":"https:\/\/impactodenoticias.com.ar\/index.php?rest_route=\/wp\/v2\/posts"}],"about":[{"href":"https:\/\/impactodenoticias.com.ar\/index.php?rest_route=\/wp\/v2\/types\/post"}],"author":[{"embeddable":true,"href":"https:\/\/impactodenoticias.com.ar\/index.php?rest_route=\/wp\/v2\/users\/2"}],"replies":[{"embeddable":true,"href":"https:\/\/impactodenoticias.com.ar\/index.php?rest_route=%2Fwp%2Fv2%2Fcomments&post=32378"}],"version-history":[{"count":1,"href":"https:\/\/impactodenoticias.com.ar\/index.php?rest_route=\/wp\/v2\/posts\/32378\/revisions"}],"predecessor-version":[{"id":32380,"href":"https:\/\/impactodenoticias.com.ar\/index.php?rest_route=\/wp\/v2\/posts\/32378\/revisions\/32380"}],"wp:featuredmedia":[{"embeddable":true,"href":"https:\/\/impactodenoticias.com.ar\/index.php?rest_route=\/wp\/v2\/media\/32379"}],"wp:attachment":[{"href":"https:\/\/impactodenoticias.com.ar\/index.php?rest_route=%2Fwp%2Fv2%2Fmedia&parent=32378"}],"wp:term":[{"taxonomy":"category","embeddable":true,"href":"https:\/\/impactodenoticias.com.ar\/index.php?rest_route=%2Fwp%2Fv2%2Fcategories&post=32378"},{"taxonomy":"post_tag","embeddable":true,"href":"https:\/\/impactodenoticias.com.ar\/index.php?rest_route=%2Fwp%2Fv2%2Ftags&post=32378"}],"curies":[{"name":"wp","href":"https:\/\/api.w.org\/{rel}","templated":true}]}}