{"id":32381,"date":"2026-01-07T08:43:11","date_gmt":"2026-01-07T11:43:11","guid":{"rendered":"https:\/\/impactodenoticias.com.ar\/?p=32381"},"modified":"2026-01-07T08:43:11","modified_gmt":"2026-01-07T11:43:11","slug":"video-incidente-en-medio-de-la-convocatoria-por-pedido-de-justicia-por-katherine-y-facundo-frente-a-la-division-minoridad-en-parana","status":"publish","type":"post","link":"https:\/\/impactodenoticias.com.ar\/?p=32381","title":{"rendered":"VIDEO: incidente en medio de la convocatoria por pedido de justicia por Katherine y Facundo frente a la Divisi\u00f3n Minoridad en Paran\u00e1"},"content":{"rendered":"\n<h2 class=\"wp-block-heading\">El martes por la tarde, familiares y allegados de Katherine Alva, de 15 a\u00f1os, y de Facundo Bracamonte, de 19, asesinado en mayo de 2025, se movilizaron frente a Tribunales para reclamar la detenci\u00f3n de los responsables de los ataques.<\/h2>\n\n\n\n<p>Cuando finalizaba la convocatoria, un grupo de manifestantes arroj\u00f3 piedras contra la Divisi\u00f3n Minoridad de la Polic\u00eda, lugar donde fueron alojados los j\u00f3venes acusados de atacar a Katherine y su amiga. La fuerza policial respondi\u00f3 con disparos de balas de goma, lo que provoc\u00f3 la rotura de un vidrio, aunque no se registraron heridos.<\/p>\n\n\n\n<p><\/p>\n\n\n\n<figure class=\"wp-block-video\"><video height=\"850\" style=\"aspect-ratio: 392 \/ 850;\" width=\"392\" controls src=\"https:\/\/impactodenoticias.com.ar\/wp-content\/uploads\/2026\/01\/WhatsApp-Video-2026-01-07-at-8.37.36-AM.mp4\"><\/video><\/figure>\n\n\n\n<p><\/p>\n\n\n\n<p><strong>El hecho<\/strong><\/p>\n\n\n\n<p>El ataque que dej\u00f3 a la adolescente en estado cr\u00edtico se registr\u00f3 el lunes por la noche, aproximadamente a las 23.30, en una vivienda de calle Rep\u00fablica de Siria, casi Segundo Sombra. Seg\u00fan los testigos, dos menores de edad \u2014identificados como T.P y T.V\u2014 dispararon desde una moto. Una bala rebot\u00f3 en la pared e impact\u00f3 en la cabeza de Katherine, debajo de la oreja, cuando intentaba levantarse.<\/p>\n\n\n\n<p>Tras el hecho, la joven permanece internada en el Hospital San Mart\u00edn con pron\u00f3stico reservado. El \u00faltimo parte m\u00e9dico inform\u00f3 que no se pudo extraer el proyectil debido a la inflamaci\u00f3n cerebral.<\/p>\n\n\n\n<p>Una de las hip\u00f3tesis es que los menores fueron a matar al hermano de la joven de 16 a\u00f1os, vecina del lugar donde estaba Katherine. Esa adolescente recibi\u00f3 un balazo en un gl\u00fateo y fue atendida en el hospital. Presuntamente, el hermano de esa joven se ven\u00edan agrediendo y amenazando por redes sociales con el menor agresor.<\/p>\n\n\n\n<p>Los familiares de Katherine remarcaron que la adolescente no estaba involucrada en ning\u00fan conflicto y que fue v\u00edctima de un ataque indiscriminado. \u201cQueremos justicia porque ella no estaba en el problema, est\u00e1bamos tomando mate\u201d, relat\u00f3 una allegada.<\/p>\n\n\n\n<p>Una amiga de la v\u00edctima denunci\u00f3 que los agresores son encubiertos por sus madres y reclam\u00f3 que \u201csi manejan armas, deben pagar como mayores\u201d.<\/p>\n\n\n\n<p>Los familiares tambi\u00e9n denunciaron que los acusados estar\u00edan vinculados al narcotr\u00e1fico y al uso de armas de fuego, lo que genera temor en la comunidad. \u201cKhaty tiene 15 a\u00f1os y est\u00e1 peleando por su vida por culpa de esta lacra que sigue suelta\u201d, apuntaron.<\/p>\n\n\n\n<p>La madre de Facundo Bracamonte se sum\u00f3 al reclamo, exigiendo que el acusado no vuelva a ser liberado como ocurri\u00f3 anteriormente. \u201cEs un asesino, si lo sueltan va a seguir matando\u201d, asegur\u00f3.<\/p>\n\n\n\n<p>Los familiares esperan respuestas de la fiscal de Menores, Sonia Vives , mientras contin\u00faan exigiendo justicia y piden por la recuperaci\u00f3n de Katherine.<\/p>\n","protected":false},"excerpt":{"rendered":"<p>El martes por la tarde, familiares y allegados de Katherine Alva, de 15 a&ntilde;os, y de Facundo Bracamonte, de 19, asesinado en mayo de 2025, se movilizaron frente a Tribunales para reclamar la detenci&oacute;n de los responsables de los ataques. Cuando finalizaba la convocatoria, un grupo de manifestantes arroj&oacute; piedras contra la Divisi&oacute;n Minoridad de [&hellip;]<\/p>\n","protected":false},"author":2,"featured_media":32382,"comment_status":"closed","ping_status":"closed","sticky":false,"template":"","format":"standard","meta":{"footnotes":""},"categories":[90,3,8],"tags":[183,1639,2095,6470,95,658],"class_list":["post-32381","post","type-post","status-publish","format-standard","has-post-thumbnail","hentry","category-judicial","category-locales","category-policiales","tag-ataque","tag-convocatoria","tag-facundo","tag-katherine","tag-parana","tag-policia-2"],"_links":{"self":[{"href":"https:\/\/impactodenoticias.com.ar\/index.php?rest_route=\/wp\/v2\/posts\/32381","targetHints":{"allow":["GET"]}}],"collection":[{"href":"https:\/\/impactodenoticias.com.ar\/index.php?rest_route=\/wp\/v2\/posts"}],"about":[{"href":"https:\/\/impactodenoticias.com.ar\/index.php?rest_route=\/wp\/v2\/types\/post"}],"author":[{"embeddable":true,"href":"https:\/\/impactodenoticias.com.ar\/index.php?rest_route=\/wp\/v2\/users\/2"}],"replies":[{"embeddable":true,"href":"https:\/\/impactodenoticias.com.ar\/index.php?rest_route=%2Fwp%2Fv2%2Fcomments&post=32381"}],"version-history":[{"count":1,"href":"https:\/\/impactodenoticias.com.ar\/index.php?rest_route=\/wp\/v2\/posts\/32381\/revisions"}],"predecessor-version":[{"id":32384,"href":"https:\/\/impactodenoticias.com.ar\/index.php?rest_route=\/wp\/v2\/posts\/32381\/revisions\/32384"}],"wp:featuredmedia":[{"embeddable":true,"href":"https:\/\/impactodenoticias.com.ar\/index.php?rest_route=\/wp\/v2\/media\/32382"}],"wp:attachment":[{"href":"https:\/\/impactodenoticias.com.ar\/index.php?rest_route=%2Fwp%2Fv2%2Fmedia&parent=32381"}],"wp:term":[{"taxonomy":"category","embeddable":true,"href":"https:\/\/impactodenoticias.com.ar\/index.php?rest_route=%2Fwp%2Fv2%2Fcategories&post=32381"},{"taxonomy":"post_tag","embeddable":true,"href":"https:\/\/impactodenoticias.com.ar\/index.php?rest_route=%2Fwp%2Fv2%2Ftags&post=32381"}],"curies":[{"name":"wp","href":"https:\/\/api.w.org\/{rel}","templated":true}]}}