{"id":32393,"date":"2026-01-07T08:59:08","date_gmt":"2026-01-07T11:59:08","guid":{"rendered":"https:\/\/impactodenoticias.com.ar\/?p=32393"},"modified":"2026-01-09T12:02:49","modified_gmt":"2026-01-09T15:02:49","slug":"insolito-se-derrumbo-la-fachada-de-una-farmacia-en-avenida-ramirez-de-parana","status":"publish","type":"post","link":"https:\/\/impactodenoticias.com.ar\/?p=32393","title":{"rendered":"Ins\u00f3lito: se derrumb\u00f3 la fachada de una farmacia en Avenida Ram\u00edrez de Paran\u00e1"},"content":{"rendered":"\n<h2 class=\"wp-block-heading\">Un fuerte estruendo gener\u00f3 gran conmoci\u00f3n entre los vecinos en horas de la noche de este martes en Paran\u00e1. Se conoci\u00f3 qu\u00e9 fue lo que provoc\u00f3 la ca\u00edda.<\/h2>\n\n\n\n<p>Varios metros de mamposter\u00eda cayeron sobre la vereda de Avenida Ram\u00edrez de Paran\u00e1, a metros de Cinco Esquinas, ocurri\u00f3 en horas de la noche del martes, tras el derrumbe del frente de una conocida farmacia de la zona.<\/p>\n\n\n\n<p>El desprendimiento se habr\u00eda desatado tras la ca\u00edda del motor de un aire acondicionado que impact\u00f3 contra la fachada de la Farmacia AMUR 5 Essquinas.<\/p>\n\n\n\n<p>Afortunadamente, no hubo personas heridas, pero s\u00ed da\u00f1os materiales; la zona fue vallada de forma preventiva y por estas horas se eval\u00faa el estado de la estructura.<\/p>\n","protected":false},"excerpt":{"rendered":"<p>Un fuerte estruendo gener&oacute; gran conmoci&oacute;n entre los vecinos en horas de la noche de este martes en Paran&aacute;. Se conoci&oacute; qu&eacute; fue lo que provoc&oacute; la ca&iacute;da. Varios metros de mamposter&iacute;a cayeron sobre la vereda de Avenida Ram&iacute;rez de Paran&aacute;, a metros de Cinco Esquinas, ocurri&oacute; en horas de la noche del martes, tras [&hellip;]<\/p>\n","protected":false},"author":2,"featured_media":32394,"comment_status":"closed","ping_status":"closed","sticky":false,"template":"","format":"standard","meta":{"footnotes":""},"categories":[3,8],"tags":[531,1872,6474,95],"class_list":["post-32393","post","type-post","status-publish","format-standard","has-post-thumbnail","hentry","category-locales","category-policiales","tag-derrumbe","tag-farmacia","tag-frente","tag-parana"],"_links":{"self":[{"href":"https:\/\/impactodenoticias.com.ar\/index.php?rest_route=\/wp\/v2\/posts\/32393","targetHints":{"allow":["GET"]}}],"collection":[{"href":"https:\/\/impactodenoticias.com.ar\/index.php?rest_route=\/wp\/v2\/posts"}],"about":[{"href":"https:\/\/impactodenoticias.com.ar\/index.php?rest_route=\/wp\/v2\/types\/post"}],"author":[{"embeddable":true,"href":"https:\/\/impactodenoticias.com.ar\/index.php?rest_route=\/wp\/v2\/users\/2"}],"replies":[{"embeddable":true,"href":"https:\/\/impactodenoticias.com.ar\/index.php?rest_route=%2Fwp%2Fv2%2Fcomments&post=32393"}],"version-history":[{"count":1,"href":"https:\/\/impactodenoticias.com.ar\/index.php?rest_route=\/wp\/v2\/posts\/32393\/revisions"}],"predecessor-version":[{"id":32395,"href":"https:\/\/impactodenoticias.com.ar\/index.php?rest_route=\/wp\/v2\/posts\/32393\/revisions\/32395"}],"wp:featuredmedia":[{"embeddable":true,"href":"https:\/\/impactodenoticias.com.ar\/index.php?rest_route=\/wp\/v2\/media\/32394"}],"wp:attachment":[{"href":"https:\/\/impactodenoticias.com.ar\/index.php?rest_route=%2Fwp%2Fv2%2Fmedia&parent=32393"}],"wp:term":[{"taxonomy":"category","embeddable":true,"href":"https:\/\/impactodenoticias.com.ar\/index.php?rest_route=%2Fwp%2Fv2%2Fcategories&post=32393"},{"taxonomy":"post_tag","embeddable":true,"href":"https:\/\/impactodenoticias.com.ar\/index.php?rest_route=%2Fwp%2Fv2%2Ftags&post=32393"}],"curies":[{"name":"wp","href":"https:\/\/api.w.org\/{rel}","templated":true}]}}