{"id":32424,"date":"2026-01-09T11:55:35","date_gmt":"2026-01-09T14:55:35","guid":{"rendered":"https:\/\/impactodenoticias.com.ar\/?p=32424"},"modified":"2026-01-10T20:37:06","modified_gmt":"2026-01-10T23:37:06","slug":"anunciaron-los-artistas-que-se-presentaran-en-la-35a-fiesta-nacional-del-mate-de-parana","status":"publish","type":"post","link":"https:\/\/impactodenoticias.com.ar\/?p=32424","title":{"rendered":"Anunciaron los artistas que se presentar\u00e1n en la 35\u00aa Fiesta Nacional del Mate de Paran\u00e1"},"content":{"rendered":"\n<h2 class=\"wp-block-heading\">Estar\u00e1n Lali, Los Nocheros, Raly Barrionuevo, Caballeros de la Quema, Rombai, Coti, Gauchito Club, junto al Gran Ensamble del Paran\u00e1 y los ganadores del Premate, lo que har\u00e1 que est\u00e9n participando m\u00e1s de 100 artistas de la ciudad y la regi\u00f3n en el escenario mayor Luis \u201cPacha\u201d Rodr\u00edguez. El evento se realizar\u00e1 el 6 y 7 de febrero en la Plaza de las Colectividades y es organizado por la Municipalidad de Paran\u00e1.<\/h2>\n\n\n\n<p>La intendenta Rosario Romero hizo el anuncio este s\u00e1bado. \u201cEl pr\u00f3ximo 6 y 7 de febrero tendremos una nueva edici\u00f3n de la Fiesta Nacional del Mate. La comunidad de Paran\u00e1 -y yo dir\u00eda de Entre R\u00edos-, se pliega a un movimiento cultural que genera una gran expectativa en forma participativa. No solamente el centro comunitario del cual naci\u00f3 la fiesta y luego se hizo una fiesta de la ciudad, sino adem\u00e1s, los clubes de la ciudad, la comunidad toda, se pliegan a construir todo lo que es la fiesta en s\u00ed\u201d.<\/p>\n\n\n\n<p>Luego expres\u00f3: \u201cAdem\u00e1s de la grilla de cantantes, de baile, el ensamble, todo lo que va a haber en ambos d\u00edas, el movimiento trasciende lo que pasa arriba del escenario. En los Premates, en los concursos de cebadores, en las exhibiciones y muestras que se hacen en la Sala Mayo, vinculadas con la yerba mate, se construye todo un movimiento cultural en torno a una fiesta que es celebrada por los paranaenses y por mucha gente de nuestra regi\u00f3n. As\u00ed que, con gran expectativa, nuevamente con un enorme y gran esfuerzo de la Municipalidad de Paran\u00e1 y de todos los paranaenses, construiremos una nueva edici\u00f3n de la Fiesta Nacional del Mate\u201d.<\/p>\n\n\n\n<p>Sobre la ubicaci\u00f3n preferencial<br>Ver video <a href=\"https:\/\/www.youtube.com\/watch?v=3FGwdR4aQuQ\"><strong>AQU\u00cd<\/strong><\/a><\/p>\n\n\n\n<p>La entrada al evento ser\u00e1 de libre acceso, con un sector preferencial lindero al escenario, con barra y ba\u00f1os de uso exclusivo para el mismo. La disposici\u00f3n de ese sector para el d\u00eda 6 de febrero ser\u00e1 con modalidad de platea y p\u00fablico sentado, mientras que el d\u00eda 7 la disposici\u00f3n ser\u00e1 bajo la modalidad de campo.<\/p>\n\n\n\n<p>Las entradas preferenciales ser\u00e1n comercializadas a partir del 12 de enero por entradauno.com, con un primer cupo de preventa de 25.000 pesos, para el viernes 6 de febrero, y de 40.000 pesos, para el s\u00e1bado 7 de febrero. Durante esa jornada se dar\u00e1 a conocer cu\u00e1les ser\u00e1n las modalidades de pago y financiaci\u00f3n.<\/p>\n\n\n\n<p>Cabe destacar que, en parte, la fiesta se solventa con la recaudaci\u00f3n de las entradas del sector preferencial y con el aporte de los sponsors del evento, quienes manifiestan de manera constante su inter\u00e9s en participar. En este sentido, adhieren el Gobierno de Entre R\u00edos y el Ente Mixto de Turismo de Paran\u00e1. Cerveza Quilmes, Flecha Bus, Shopping Paso del Paran\u00e1, EAL Group y Juli Croc son algunas de las empresas que ya se han sumado como patrocinadores. Asimismo, se informa que las empresas y organismos interesados en formar parte del patrocinio de la fiesta pueden solicitar informaci\u00f3n escribiendo a <a href=\"mailto:comercial.fiestadelmate@gmail.com\"><strong>comercial.fiestadelmate@gmail.com<\/strong><\/a><\/p>\n\n\n\n<p>Escenarios y propuestas<\/p>\n\n\n\n<p>El escenario mayor Luis \u201cPacha\u201d Rodr\u00edguez rinde homenaje a uno de los fundadores del Centro Comunitario Solidaridad, que es parte de esta nueva edici\u00f3n y que dio origen al evento. All\u00ed se presentar\u00e1n los artistas nacionales, el Gran Ensamble del Paran\u00e1 (con m\u00e1s de 50 artistas de la ciudad en escena) y los ganadores del Premate.<\/p>\n\n\n\n<p>Por otra parte, en inmediaciones de Sala Mayo estar\u00e1 emplazado el escenario Pariente del Mar, que ofrecer\u00e1 propuestas de distintos estilos dirigidas a las juventudes, con base en la cultura urbana local y las nuevas tendencias.<\/p>\n\n\n\n<p><strong>Concurso de cebadores<\/strong><\/p>\n\n\n\n<p>El Concurso de Cebadores tendr\u00e1 su instancia de Premate de Cebadores en los festivales populares que se realizar\u00e1n en Paran\u00e1 en el Parque Lineal Sur, Anfiteatro Linares Cardozo, Miradores de Bajada Grande y Parque Gazzano. Las cuatro jornadas se dar\u00e1n en el marco del calendario de fiestas populares del verano que impulsa el Municipio durante enero. Los ganadores de cada jornada se presentar\u00e1n en la instancia final del Concurso de Cebadores en el predio principal de la Fiesta el 6 y 7 de febrero.<\/p>\n\n\n\n<p>De cada jornada clasificatoria surgir\u00e1n participantes finalistas: algunos competir\u00e1n en la final del viernes y otros en la final del s\u00e1bado, ambas en el marco del festival principal. Todos los finalistas recibir\u00e1n premios, como equipos materos, en reconocimiento a su participaci\u00f3n. Adem\u00e1s, en cada una de las finales se entregar\u00e1n los premios mayores: Primer puesto un viaje a R\u00edo de Janeiro para dos personas y segundo puesto un viaje a Bariloche. Tanto la final del viernes como la del s\u00e1bado contar\u00e1n con esta misma premiaci\u00f3n, gentileza de \u2060EAL GROUP.<\/p>\n\n\n\n<p>En el Concurso de Cebadores, los competidores tendr\u00e1n la oportunidad de demostrar su destreza, y al final, se premiar\u00e1 al cebador que logre preparar los mejores mates, destac\u00e1ndose por su sabor y por conservar la textura ideal de la yerba. Para participar, los interesados se podr\u00e1n anotar presencialmente en cada Festival Popular o completando el siguiente formulario web <a href=\"https:\/\/docs.google.com\/forms\/d\/e\/1FAIpQLScQWgpGFLWMruqQpLkxgg3ZfhSDFLFD__1wXLzzDKxjP4coww\/viewform\"><strong>AQU\u00cd<\/strong><\/a><\/p>\n\n\n\n<p><strong>Certamen Premate 2026<\/strong><\/p>\n\n\n\n<p>Ya est\u00e1 abierta la convocatoria para artistas de toda la provincia. Este a\u00f1o se realizar\u00e1 en Paran\u00e1, Maci\u00e1 y Villaguay. La 35\u00aa Fiesta Nacional del Mate invita a participar en las disciplinas: M\u00fasica Folkl\u00f3rica y Tango, Cumbia y Tropical, Rock y Pop Nacional, adem\u00e1s de Danzas Folkl\u00f3ricas y Contempor\u00e1neas. El formulario de inscripci\u00f3n online ya est\u00e1 disponible en la web fiestadelmate.parana.gob.ar<\/p>\n\n\n\n<p>El certamen consta de dos instancias de competencia que se realizar\u00e1n en tres sedes en distintas ciudades de la provincia:<\/p>\n\n\n\n<p>-Preselectivo Paran\u00e1 y Zona Metropolitana Gran Paran\u00e1: martes 6 y mi\u00e9rcoles 7 de enero de 2026, Teatro Municipal 3 de Febrero.<\/p>\n\n\n\n<p>-Preselectivo Maci\u00e1: lunes 12 de enero de 2026, en el Predio Multieventos<\/p>\n\n\n\n<p>-Preselectivo Villaguay: jueves 22 de enero de 2026, en el Parque Balneario Municipal.<\/p>\n\n\n\n<p>La instancia final se desarrollar\u00e1 el mi\u00e9rcoles 4 y jueves 5 de febrero de 2026 en las inmediaciones de la Sala Mayo de Paran\u00e1, donde los participantes competir\u00e1n por un lugar en el escenario principal de la 35\u00aa Fiesta Nacional del Mate. El objetivo es visibilizar creaciones art\u00edsticas regionales en el marco de la Fiesta.<\/p>\n\n\n\n<p><strong>Artemate<\/strong><\/p>\n\n\n\n<p>Es un nuevo espacio dedicado al arte visual dentro de la Fiesta Nacional del Mate, pensado como un \u00e1mbito de encuentro, intercambio y creaci\u00f3n colectiva. Desde una mirada participativa, propone vincular el mate como pr\u00e1ctica identitaria con los lenguajes de la gr\u00e1fica, la palabra y la imagen, recuperando expresiones de la cultura popular y urbana.<\/p>\n\n\n\n<p><strong>Mateando<\/strong><\/p>\n\n\n\n<p>Mateando, un paseo comercial y espacio de experiencias en relaci\u00f3n con el mate, la yerba mate y su cultura. Emprendedores y productores yerbateros y de blends se dar\u00e1n cita en la Sala Mayo, del 5 al 8 de febrero, de 18 a 23 hs, para mostrar, degustar y comercializar sus productos. Habr\u00e1 charlas y talleres de la mano de especialistas, sommeliers y blendistas; y se ofrecer\u00e1n mates, materas, accesorios, dise\u00f1os innovadores y preparaciones gastron\u00f3micas maridadas con el mate, o producidas con yerba mate, en cocteler\u00eda regional, panificados, pasteler\u00eda, entre otras propuestas.<\/p>\n\n\n\n<p>Este a\u00f1o, adem\u00e1s, se realizar\u00e1 por segunda vez una ronda de negocios vinculando oferta y demanda entre yerbateros participantes de la Mateando y comercios, almacenes y supermercados de la ciudad.<\/p>\n\n\n\n<p>De esta manera, Mateando se consolida no sol\u00f3 como paseo comercial, sino que a la vez brinda la oportunidad de disfrutar y aprender m\u00e1s sobre el mate.<\/p>\n\n\n\n<p><strong>Matecito<\/strong><\/p>\n\n\n\n<p>La Fiesta Nacional del Mate tendr\u00e1 atractivos para toda la familia. Las infancias podr\u00e1n disfrutar de una nueva edici\u00f3n del Matecito, con m\u00fasicos y artistas en vivo.<\/p>\n\n\n\n<p><strong>Una fiesta de todos<\/strong><\/p>\n\n\n\n<p>La Asociaci\u00f3n Civil \u201cCentro Comunitario Solidaridad\u201d, creada a mediados de la d\u00e9cada del \u201980 por los militantes Jos\u00e9 C\u00e1ceres y Luis \u201cPacha\u201d Rodr\u00edguez, es la organizaci\u00f3n que impuls\u00f3 la Fiesta Nacional del Mate, una celebraci\u00f3n dedicada a una de nuestras tradiciones m\u00e1s entra\u00f1ables: el mate.<\/p>\n\n\n\n<p>Desde la primera edici\u00f3n en 1988 en el Club Echag\u00fce hasta la m\u00e1s reciente (34\u00b0 en Plaza de las Colectividades) marcaron un camino intenso, pero fruct\u00edfero: con el paso de los a\u00f1os, el evento fue cambiando de sedes, pero no su esencia, convocando a chicos y grandes alrededor de la ic\u00f3nica infusi\u00f3n.<\/p>\n\n\n\n<p>En 2008, la Comisi\u00f3n Directiva del Centro Comunitario decidi\u00f3 el traspaso de la Fiesta a la \u00f3rbita municipal. As\u00ed se mantiene hasta hoy: como un evento de esp\u00edritu popular y barrial del que participa el Estado dando lugar a todos los sectores de la ciudad. Una fiesta de todos donde multitudes, sin diferencias, celebran nuestra cultura y nuestro folclore.<\/p>\n\n\n\n<p><strong>Participaci\u00f3n de los clubes<\/strong><\/p>\n\n\n\n<p>Otro dato importante es que, durante la fiesta, distintos clubes de Paran\u00e1 ofrecer\u00e1n alimentos y bebidas para la venta, a precios accesibles. Lo recaudado ser\u00e1 destinado al desarrollo de la actividad social, deportiva y cultural de cada instituci\u00f3n en los barrios de la ciudad.<\/p>\n\n\n\n<p>Debido a la gran demanda registrada en la edici\u00f3n anterior, el Municipio implement\u00f3 una instancia de preinscripci\u00f3n para el Patio Gastron\u00f3mico de este a\u00f1o, con el objetivo de contar con un par\u00e1metro de las instituciones interesadas y ordenar mejor la asignaci\u00f3n de espacios. El tr\u00e1mite se realiz\u00f3 a trav\u00e9s de un formulario online, que no implic\u00f3 la confirmaci\u00f3n autom\u00e1tica del lugar, ya que la adjudicaci\u00f3n definitiva queda sujeta a una etapa posterior que ser\u00e1 informada por los canales oficiales.<\/p>\n\n\n\n<p>M\u00e1s de 100 artistas de Paran\u00e1 y la Regi\u00f3n en el escenario mayor Luis Pacha Rodr\u00edguez<br>Ver video <a href=\"https:\/\/www.youtube.com\/watch?v=5sS49QeJcps\"><strong>AQU\u00cd<\/strong><\/a><\/p>\n\n\n\n<p>Producto de la instancia preliminar Premate, la sumatoria de estos artistas, m\u00e1s los integrantes confirmados del Gran Ensamble Litoral, se estima que participar\u00e1n m\u00e1s de cien artistas de Paran\u00e1 y la regi\u00f3n en esta nueva edici\u00f3n de la Fiesta del Mate.<\/p>\n\n\n\n<p>Integrantes confirmados del Gran Ensamble del Paran\u00e1:<\/p>\n\n\n\n<p><strong>Orquesta De Costa a Costa<\/strong><\/p>\n\n\n\n<p>\u25aa Maru Figueroa<br>\u25aa Lara Marc\u00f3<br>\u25aa Leticia Fiorotto<br>\u25aa Chela Mart\u00ednez<br>\u25aa Julieta Darquier<br>\u25aa \u00c1ngel Mu\u00f1oz<br>\u25aa Atahualpa Puchulu<br>\u25aa Natalio Sturla<br>\u25aa Facundo Torres\u00e1n<br>\u25aa Sebasti\u00e1n Herbel<br>\u25aa Jos\u00e9 Bulos<br>\u25aa Guille Lugr\u00edn<\/p>\n\n\n\n<p>Compa\u00f1\u00eda Tupan\u00e1 (25 bailarines)<br>\u25aa Direcci\u00f3n: Viviana Vergara.<br>\u25aa Ifran Orundes Benjam\u00edn<br>\u25aa Dellizzotti Antonella<br>\u25aa Santa Mar\u00eda Vallejo, Justina<br>\u25aa Santa Mar\u00eda Vallejo, Ian<br>\u25aa Hermanovich Clara<br>\u25aa Godoy, Mar\u00eda Paula<br>\u25aa Dosseto Angelena<br>\u25aa Gaitan Malena<br>\u25aa Gauna Martina<br>\u25aa Hertel Emma Juliana<br>\u25aa Alvarez Virginia<br>\u25aa Ferrando Amina<br>\u25aa Cisterna Jos\u00e9<br>\u25aa Aguirre Luz<br>\u25aa Maitena Tessore<br>\u25aa Abril Olivares<br>\u25aa Emily Duran<br>\u25aa Juliana Gonzalez<br>\u25aa Bersier Noral\u00ed<br>\u25aa Magali Ornella Melo Dumoulin<br>\u25aa Santana Luna<br>\u25aa Holotte Alanis<\/p>\n\n\n\n<p>. Cuarteto de cuerdas<br>\u25aa Juan Sebasti\u00e1n Barbero<br>\u25aa Carla Francile<br>\u25aa Natalia Franco<br>\u25aa Andr\u00e9s Mayer<\/p>\n\n\n\n<p>. Carlos \u201cNegro\u201d Aguirre<br>. \u2060Francisco Cuestas<br>. Marcia Muller<br>. Federico Sgarbanti<br>. Mar\u00eda Cuevas<br>. Mar\u00eda Silva<br>. Noelia Telagorri<br>. Pico Silva<br>. Alcides Muller<br>. Jes\u00fas Galliussi<br>. Cande Clavel Heis<br>. Francisco Scotta<br>. Visuales: Desiree Darrichon<\/p>\n\n\n\n<p>Estuvieron presentes el viceintendente, David C\u00e1ceres; el senador nacional, Ad\u00e1n Bahl; la senadora provincial por el departamento Paran\u00e1, Claudia Silva; el jefe de Gabinete, Santiago Halle; el secretario de Educaci\u00f3n, Cultura y Convivencia Ciudadana, Rub\u00e9n Clavenzani; el subsecretario de Turismo y presidente del directorio del EMPATUR, Agust\u00edn Clavenzani; el subsecretario de Cultura, Joaqu\u00edn Arij\u00f3n; autoridades provinciales, secretarios y subsecretarios municipales y concejales.<\/p>\n\n\n\n<p>M\u00e1s informaci\u00f3n en <a href=\"http:\/\/fiestadelmate.parana.gob.ar\"><strong>fiestadelmate.parana.gob.ar<\/strong><\/a><\/p>\n","protected":false},"excerpt":{"rendered":"<p>Estar&aacute;n Lali, Los Nocheros, Raly Barrionuevo, Caballeros de la Quema, Rombai, Coti, Gauchito Club, junto al Gran Ensamble del Paran&aacute; y los ganadores del Premate, lo que har&aacute; que est&eacute;n participando m&aacute;s de 100 artistas de la ciudad y la regi&oacute;n en el escenario mayor Luis &ldquo;Pacha&rdquo; Rodr&iacute;guez. El evento se realizar&aacute; el 6 y [&hellip;]<\/p>\n","protected":false},"author":2,"featured_media":32425,"comment_status":"closed","ping_status":"closed","sticky":false,"template":"","format":"standard","meta":{"footnotes":""},"categories":[5,3,1902],"tags":[6486,6487,95],"class_list":["post-32424","post","type-post","status-publish","format-standard","has-post-thumbnail","hentry","category-espectaculos","category-locales","category-municipales","tag-artistas","tag-fiesta-del-mate-2026","tag-parana"],"_links":{"self":[{"href":"https:\/\/impactodenoticias.com.ar\/index.php?rest_route=\/wp\/v2\/posts\/32424","targetHints":{"allow":["GET"]}}],"collection":[{"href":"https:\/\/impactodenoticias.com.ar\/index.php?rest_route=\/wp\/v2\/posts"}],"about":[{"href":"https:\/\/impactodenoticias.com.ar\/index.php?rest_route=\/wp\/v2\/types\/post"}],"author":[{"embeddable":true,"href":"https:\/\/impactodenoticias.com.ar\/index.php?rest_route=\/wp\/v2\/users\/2"}],"replies":[{"embeddable":true,"href":"https:\/\/impactodenoticias.com.ar\/index.php?rest_route=%2Fwp%2Fv2%2Fcomments&post=32424"}],"version-history":[{"count":1,"href":"https:\/\/impactodenoticias.com.ar\/index.php?rest_route=\/wp\/v2\/posts\/32424\/revisions"}],"predecessor-version":[{"id":32426,"href":"https:\/\/impactodenoticias.com.ar\/index.php?rest_route=\/wp\/v2\/posts\/32424\/revisions\/32426"}],"wp:featuredmedia":[{"embeddable":true,"href":"https:\/\/impactodenoticias.com.ar\/index.php?rest_route=\/wp\/v2\/media\/32425"}],"wp:attachment":[{"href":"https:\/\/impactodenoticias.com.ar\/index.php?rest_route=%2Fwp%2Fv2%2Fmedia&parent=32424"}],"wp:term":[{"taxonomy":"category","embeddable":true,"href":"https:\/\/impactodenoticias.com.ar\/index.php?rest_route=%2Fwp%2Fv2%2Fcategories&post=32424"},{"taxonomy":"post_tag","embeddable":true,"href":"https:\/\/impactodenoticias.com.ar\/index.php?rest_route=%2Fwp%2Fv2%2Ftags&post=32424"}],"curies":[{"name":"wp","href":"https:\/\/api.w.org\/{rel}","templated":true}]}}