{"id":32427,"date":"2026-01-09T12:02:31","date_gmt":"2026-01-09T15:02:31","guid":{"rendered":"https:\/\/impactodenoticias.com.ar\/?p=32427"},"modified":"2026-01-09T12:02:31","modified_gmt":"2026-01-09T15:02:31","slug":"se-abrio-la-inscripcion-para-participar-de-la-5ta-edicion-de-la-carrera-nocturna-ciudad-de-parana","status":"publish","type":"post","link":"https:\/\/impactodenoticias.com.ar\/?p=32427","title":{"rendered":"Se abri\u00f3 la inscripci\u00f3n para participar de la 5ta Edici\u00f3n de la Carrera Nocturna Ciudad de Paran\u00e1"},"content":{"rendered":"\n<h2 class=\"wp-block-heading\">Maratonistas, runners y corredores amateurs y aficionados, podr\u00e1n inscribirse desde este viernes 9 de enero. El evento se llevar\u00e1 a cabo el s\u00e1bado 21 de febrero con dos distancias, 10 km competitiva y 5 km competitiva y recreativa, abriendo en ambos casos el calendario provincial oficial de competencias atl\u00e9ticas de este tipo.<\/h2>\n\n\n\n<p>Las inscripciones se pueden realizar en forma digital <a href=\"https:\/\/www.encarrera.com.ar\/parana\/\"><strong>AQU\u00cd<\/strong><\/a> y cumpliendo con los siguientes requisitos:<\/p>\n\n\n\n<p>-Aquellos corredores menores de 16 a\u00f1os, deber\u00e1n contar con la autorizaci\u00f3n de uno de los padres, tutor o encargado acreditado.<\/p>\n\n\n\n<p>-Completar los formularios de deslinde, apto f\u00edsico y autorizaci\u00f3n correspondientes.<br>-El costo de la inscripci\u00f3n ser\u00e1 de $8000 en general, y de $16000 con la inclusi\u00f3n de la remera de la carrera m\u00e1s el Kit con diferentes productos.<\/p>\n\n\n\n<p>El pago se deber\u00e1 realizar y acreditar a trav\u00e9s de la misma p\u00e1gina.<\/p>\n\n\n\n<p><strong>Lo que hay que saber<\/strong><\/p>\n\n\n\n<p>El evento se llevar\u00e1 a cabo el s\u00e1bado 21 de febrero con dos distancias, 10 km competitiva y 5 km competitiva y recreativa, abriendo en ambos casos el calendario provincial oficial de competencias atl\u00e9ticas de este tipo.<\/p>\n\n\n\n<p>El atardecer de la \u00e9poca de verano le da un marco excepcional a la propuesta organizada por la Municipalidad de Paran\u00e1, a trav\u00e9s de la Subsecretar\u00eda de Deportes, que formar\u00e1 parte de diferentes acciones deportivas, tur\u00edsticas y recreativas que buscan posicionar a nuestra ciudad dentro de la agenda deportiva del pa\u00eds.<\/p>\n\n\n\n<p>La carrera tendr\u00e1 como escenario de largada y llegada el Balneario Thompson, recorriendo las calles de la ciudad de la zona de Puerto Nuevo, Costanera y borde costero, siendo la hora de largada el de las 20.<\/p>\n\n\n\n<p><strong>El cupo m\u00e1ximo de inscripciones ser\u00e1 de 2000 participantes.<\/strong><\/p>\n\n\n\n<p><strong>En cuanto a la competencia de 10 km. las categor\u00edas ser\u00e1n las siguientes:<\/strong><\/p>\n\n\n\n<p>Hasta 19 a\u00f1os, 20 a 24, 25 a 29, 30 a 34, 35 a 39, 40 a 44, 45 a 49, 50 a 54, 55 a 59, 60 a 64, 65 a\u00f1os y m\u00e1s. Para el c\u00e1lculo de la categor\u00eda se considerar\u00e1 la edad del atleta al 31\/12\/2026.<\/p>\n\n\n\n<p>No habiendo divisi\u00f3n de categor\u00edas en la distancia de 5 km.<\/p>\n\n\n\n<p><strong>Premiaci\u00f3n<\/strong><\/p>\n\n\n\n<p>Para los 10 km se premiar\u00e1 del 1\u00b0 al 5\u00b0 de la general (no acumulativo por categor\u00eda)<br>y del 1\u00b0 al 3\u00b0 por cada categor\u00eda.<\/p>\n\n\n\n<p>Para los 5 km se premiar\u00e1 del 1\u00b0 al 5\u00b0 de la general.<\/p>\n\n\n\n<p>Todos los participantes que arriben a la meta recibir\u00e1n medalla \u201cfinisher\u201d<\/p>\n\n\n\n<p><strong>Entrega de Kits<\/strong><\/p>\n\n\n\n<p>La entrega de kits se realizar\u00e1 el viernes 20 de febrero, debiendo presentarse con DNI original o copia, de 8.00 a 16.00 hs, en el Open Club. Augusto Bravard 276 Zona Complejo Balneario Thompson.<\/p>\n\n\n\n<p>Importante: Solamente aquellos corredores y corredoras que lleguen de otras ciudades de residencia, podr\u00e1n retirar su kit el mismo d\u00eda de la carrera de 9.00 hs a 13 hs en el Open Club.<\/p>\n\n\n\n<p><strong>Evento sostenible<\/strong><\/p>\n\n\n\n<p>Nuevamente, esta 5ta. edici\u00f3n asume el desaf\u00edo: iniciado en la edici\u00f3n anterior de constituirse como una carrera sostenible.<\/p>\n\n\n\n<p><strong>Para esto se propone la sostenibilidad a partir de acciones como:<\/strong><\/p>\n\n\n\n<p>-Medici\u00f3n de la huella de carbono para los concurrentes<br>-Promoci\u00f3n del uso del transporte sostenible para llegar al lugar \u2013 transporte p\u00fablico, bicicletas p\u00fablicas o privadas.<br>-Se establece un circuito con iluminaci\u00f3n 100% Led<br>-Medallas \u201cfinisher\u201d de material reciclado<br>-Recomendar el uso de botellas pl\u00e1sticas propias y reutilizables<br>-Propiciar el cuidado y mantenimiento de la limpieza en los lugares utilizados.<\/p>\n\n\n\n<p>Beneficio de alojamiento + Inscripci\u00f3n<\/p>\n\n\n\n<p>Dentro de la articulaci\u00f3n p\u00fablico-privada que viene llevando adelante la gesti\u00f3n municipal, este a\u00f1o ofrecemos un beneficio de alojamiento apropiado para corredores y deportistas que lleguen a nuestra ciudad para que adem\u00e1s de hacer deportes, puedan disfrutar del paisaje, el r\u00edo y nuestros lugares. La promoci\u00f3n estar\u00e1 disponible en el mismo link de inscripci\u00f3n.<\/p>\n","protected":false},"excerpt":{"rendered":"<p>Maratonistas, runners y corredores amateurs y aficionados, podr&aacute;n inscribirse desde este viernes 9 de enero. El evento se llevar&aacute; a cabo el s&aacute;bado 21 de febrero con dos distancias, 10 km competitiva y 5 km competitiva y recreativa, abriendo en ambos casos el calendario provincial oficial de competencias atl&eacute;ticas de este tipo. Las inscripciones se [&hellip;]<\/p>\n","protected":false},"author":2,"featured_media":32428,"comment_status":"closed","ping_status":"closed","sticky":false,"template":"","format":"standard","meta":{"footnotes":""},"categories":[7,3,1902,49],"tags":[2112,1617,102,6488,95],"class_list":["post-32427","post","type-post","status-publish","format-standard","has-post-thumbnail","hentry","category-deportes","category-locales","category-municipales","category-sociedad","tag-carrera","tag-inscripcion","tag-municipalidad","tag-nocturna","tag-parana"],"_links":{"self":[{"href":"https:\/\/impactodenoticias.com.ar\/index.php?rest_route=\/wp\/v2\/posts\/32427","targetHints":{"allow":["GET"]}}],"collection":[{"href":"https:\/\/impactodenoticias.com.ar\/index.php?rest_route=\/wp\/v2\/posts"}],"about":[{"href":"https:\/\/impactodenoticias.com.ar\/index.php?rest_route=\/wp\/v2\/types\/post"}],"author":[{"embeddable":true,"href":"https:\/\/impactodenoticias.com.ar\/index.php?rest_route=\/wp\/v2\/users\/2"}],"replies":[{"embeddable":true,"href":"https:\/\/impactodenoticias.com.ar\/index.php?rest_route=%2Fwp%2Fv2%2Fcomments&post=32427"}],"version-history":[{"count":1,"href":"https:\/\/impactodenoticias.com.ar\/index.php?rest_route=\/wp\/v2\/posts\/32427\/revisions"}],"predecessor-version":[{"id":32429,"href":"https:\/\/impactodenoticias.com.ar\/index.php?rest_route=\/wp\/v2\/posts\/32427\/revisions\/32429"}],"wp:featuredmedia":[{"embeddable":true,"href":"https:\/\/impactodenoticias.com.ar\/index.php?rest_route=\/wp\/v2\/media\/32428"}],"wp:attachment":[{"href":"https:\/\/impactodenoticias.com.ar\/index.php?rest_route=%2Fwp%2Fv2%2Fmedia&parent=32427"}],"wp:term":[{"taxonomy":"category","embeddable":true,"href":"https:\/\/impactodenoticias.com.ar\/index.php?rest_route=%2Fwp%2Fv2%2Fcategories&post=32427"},{"taxonomy":"post_tag","embeddable":true,"href":"https:\/\/impactodenoticias.com.ar\/index.php?rest_route=%2Fwp%2Fv2%2Ftags&post=32427"}],"curies":[{"name":"wp","href":"https:\/\/api.w.org\/{rel}","templated":true}]}}