{"id":32431,"date":"2026-01-10T20:11:58","date_gmt":"2026-01-10T23:11:58","guid":{"rendered":"https:\/\/impactodenoticias.com.ar\/?p=32431"},"modified":"2026-01-10T20:11:59","modified_gmt":"2026-01-10T23:11:59","slug":"parana-una-mujer-activo-el-boton-antipanico-y-la-policia-detuvo-a-sus-dos-hijos","status":"publish","type":"post","link":"https:\/\/impactodenoticias.com.ar\/?p=32431","title":{"rendered":"Paran\u00e1: una mujer activ\u00f3 el bot\u00f3n antip\u00e1nico y la Polic\u00eda detuvo a sus dos hijos"},"content":{"rendered":"\n<h2 class=\"wp-block-heading\">Una mujer de 72 a\u00f1os activ\u00f3 este s\u00e1bado su bot\u00f3n antip\u00e1nico en una vivienda de la zona oeste de Paran\u00e1 en medio de un conflicto familiar. Al arribar al lugar, la Polic\u00eda arrest\u00f3 a dos hijos de la mujer que cuentan con medidas de restricci\u00f3n. Ambos fueron trasladados a la Alcaid\u00eda de Tribunales.<\/h2>\n\n\n\n<p>El hecho se registr\u00f3 en una vivienda ubicada en la esquina de calles Santos Vega y Coronel Caminos. Personal de la Guardia Especial se hizo presente luego de la activaci\u00f3n de un bot\u00f3n antip\u00e1nico por parte de una mujer de 72 a\u00f1os.<\/p>\n\n\n\n<p>Al arribar, los efectivos encontraron a la mujer junto a sus hijos, de 35 y 52 a\u00f1os, manteniendo una discusi\u00f3n. La v\u00edctima atraviesa desde hace tiempo conflictos familiares y cuenta con medidas judiciales vigentes que proh\u00edben el acercamiento de ambos hombres.<\/p>\n\n\n\n<p>Ante esta situaci\u00f3n, se dio intervenci\u00f3n al fiscal de turno, quien orden\u00f3 la detenci\u00f3n de los dos hombres y su traslado a la Alcaid\u00eda de Tribunales, quedando a disposici\u00f3n de la Justicia.<\/p>\n","protected":false},"excerpt":{"rendered":"<p>Una mujer de 72 a&ntilde;os activ&oacute; este s&aacute;bado su bot&oacute;n antip&aacute;nico en una vivienda de la zona oeste de Paran&aacute; en medio de un conflicto familiar. Al arribar al lugar, la Polic&iacute;a arrest&oacute; a dos hijos de la mujer que cuentan con medidas de restricci&oacute;n. Ambos fueron trasladados a la Alcaid&iacute;a de Tribunales. El hecho [&hellip;]<\/p>\n","protected":false},"author":2,"featured_media":32432,"comment_status":"closed","ping_status":"closed","sticky":false,"template":"","format":"standard","meta":{"footnotes":""},"categories":[3,8],"tags":[138,95],"class_list":["post-32431","post","type-post","status-publish","format-standard","has-post-thumbnail","hentry","category-locales","category-policiales","tag-detenidos","tag-parana"],"_links":{"self":[{"href":"https:\/\/impactodenoticias.com.ar\/index.php?rest_route=\/wp\/v2\/posts\/32431","targetHints":{"allow":["GET"]}}],"collection":[{"href":"https:\/\/impactodenoticias.com.ar\/index.php?rest_route=\/wp\/v2\/posts"}],"about":[{"href":"https:\/\/impactodenoticias.com.ar\/index.php?rest_route=\/wp\/v2\/types\/post"}],"author":[{"embeddable":true,"href":"https:\/\/impactodenoticias.com.ar\/index.php?rest_route=\/wp\/v2\/users\/2"}],"replies":[{"embeddable":true,"href":"https:\/\/impactodenoticias.com.ar\/index.php?rest_route=%2Fwp%2Fv2%2Fcomments&post=32431"}],"version-history":[{"count":1,"href":"https:\/\/impactodenoticias.com.ar\/index.php?rest_route=\/wp\/v2\/posts\/32431\/revisions"}],"predecessor-version":[{"id":32433,"href":"https:\/\/impactodenoticias.com.ar\/index.php?rest_route=\/wp\/v2\/posts\/32431\/revisions\/32433"}],"wp:featuredmedia":[{"embeddable":true,"href":"https:\/\/impactodenoticias.com.ar\/index.php?rest_route=\/wp\/v2\/media\/32432"}],"wp:attachment":[{"href":"https:\/\/impactodenoticias.com.ar\/index.php?rest_route=%2Fwp%2Fv2%2Fmedia&parent=32431"}],"wp:term":[{"taxonomy":"category","embeddable":true,"href":"https:\/\/impactodenoticias.com.ar\/index.php?rest_route=%2Fwp%2Fv2%2Fcategories&post=32431"},{"taxonomy":"post_tag","embeddable":true,"href":"https:\/\/impactodenoticias.com.ar\/index.php?rest_route=%2Fwp%2Fv2%2Ftags&post=32431"}],"curies":[{"name":"wp","href":"https:\/\/api.w.org\/{rel}","templated":true}]}}