{"id":32438,"date":"2026-01-10T20:27:25","date_gmt":"2026-01-10T23:27:25","guid":{"rendered":"https:\/\/impactodenoticias.com.ar\/?p=32438"},"modified":"2026-01-10T20:27:25","modified_gmt":"2026-01-10T23:27:25","slug":"caida-en-bicicleta-o-violencia-de-genero-investigan-el-grave-estado-de-una-joven-y-apuntan-a-un-policia","status":"publish","type":"post","link":"https:\/\/impactodenoticias.com.ar\/?p=32438","title":{"rendered":"Ca\u00edda en bicicleta o violencia de g\u00e9nero: investigan el grave estado de una joven y apuntan a un polic\u00eda"},"content":{"rendered":"\n<h2 class=\"wp-block-heading\">Una joven de 18 a\u00f1os permanece internada en Paran\u00e1 con fractura de cr\u00e1neo y p\u00e9rdida de l\u00edquido encef\u00e1lico. Su madre denunci\u00f3 que el supuesto accidente en bicicleta relatado por su pareja, un funcionario policial, encubrir\u00eda una brutal agresi\u00f3n.<\/h2>\n\n\n\n<p>Un presunto caso de violencia de g\u00e9nero mantiene en alerta a la Justicia y al sistema de salud en Entre R\u00edos. La denuncia involucra a un funcionario policial de la ciudad de Santa Elena, se\u00f1alado como posible responsable de las graves lesiones sufridas por una joven de 18 a\u00f1os que contin\u00faa internada en el Hospital San Mart\u00edn de Paran\u00e1.<\/p>\n\n\n\n<p>La v\u00edctima, identificada como Gianella Milagros Mauri, ingres\u00f3 al centro de alta complejidad el pasado 2 de enero con diagn\u00f3stico de fractura de cr\u00e1neo y p\u00e9rdida de l\u00edquido encef\u00e1lico, luego de haber sido derivada desde el hospital de Santa Elena. All\u00ed hab\u00eda sido atendida inicialmente por presentar sangrado por o\u00eddo y nariz.<\/p>\n\n\n\n<p>Seg\u00fan consta en la denuncia radicada por su madre, las lesiones no ser\u00edan compatibles con una simple ca\u00edda en bicicleta, versi\u00f3n que habr\u00eda sido aportada por la pareja de la joven, D.S., de 35 a\u00f1os, integrante del Comando Radioel\u00e9ctrico de Paran\u00e1.<\/p>\n\n\n\n<p>La mujer asegur\u00f3 que su hija no posee bicicleta y que el relato del funcionario presenta m\u00faltiples contradicciones. Adem\u00e1s, manifest\u00f3 que Gianella se encuentra atemorizada y bajo una fuerte presi\u00f3n psicol\u00f3gica, y que el acusado habr\u00eda impedido que ella pudiera permanecer a solas con su hija durante la internaci\u00f3n.<\/p>\n\n\n\n<p>Entre las lesiones observadas, la madre detall\u00f3 la presencia de un hematoma en el ojo izquierdo, varios golpes en la cabeza, raspones en hombro y espalda, y restos de barro y sangre en las manos, signos que \u2014seg\u00fan sostuvo\u2014 no se condicen con un accidente menor.<\/p>\n\n\n\n<p>A esto se suman testimonios indirectos que refieren a una violenta discusi\u00f3n entre la pareja durante la madrugada del 1 de enero en un boliche de Santa Elena, donde testigos aseguran haber visto al hombre agredir f\u00edsicamente a la joven. Esa misma noche, Gianella intent\u00f3 comunicarse sin \u00e9xito con su madre y con una amiga, lo que profundiza las sospechas sobre un episodio de violencia.<\/p>\n\n\n\n<p>La denunciante tambi\u00e9n afirm\u00f3 que su hija habr\u00eda sido arrojada de un veh\u00edculo en movimiento y luego retenida contra su voluntad, hasta que el acusado decidi\u00f3 trasladarla al hospital local.<\/p>\n\n\n\n<p>La relaci\u00f3n entre ambos habr\u00eda comenzado hace aproximadamente seis meses y, seg\u00fan la madre, el hombre contar\u00eda con antecedentes de denuncias por violencia de g\u00e9nero con otras mujeres. Ante esta situaci\u00f3n, solicit\u00f3 medidas restrictivas de acercamiento y protecci\u00f3n para su hija.<\/p>\n\n\n\n<p>El equipo de salud mental del Hospital San Mart\u00edn intervino tras detectar inconsistencias en el relato del supuesto accidente y evaluar la posibilidad de un hecho de violencia de g\u00e9nero. Si bien la joven hab\u00eda recibido el alta m\u00e9dica el 5 de enero, el 7 debi\u00f3 ser nuevamente internada por v\u00f3mitos, mareos y fuertes dolores de cabeza.<\/p>\n\n\n\n<p><\/p>\n\n\n\n<figure class=\"wp-block-image size-full\"><img loading=\"lazy\" decoding=\"async\" width=\"696\" height=\"726\" src=\"https:\/\/impactodenoticias.com.ar\/wp-content\/uploads\/2026\/01\/Santa-Elena-Joven-Golpeada.webp\" alt=\"\" class=\"wp-image-32439\" srcset=\"https:\/\/impactodenoticias.com.ar\/wp-content\/uploads\/2026\/01\/Santa-Elena-Joven-Golpeada.webp 696w, https:\/\/impactodenoticias.com.ar\/wp-content\/uploads\/2026\/01\/Santa-Elena-Joven-Golpeada-288x300.webp 288w\" sizes=\"auto, (max-width: 696px) 100vw, 696px\" \/><\/figure>\n\n\n\n<p><\/p>\n\n\n\n<p>En las \u00faltimas horas, la madre denunci\u00f3 adem\u00e1s que el acusado estar\u00eda utilizando las redes sociales de Gianella para escribir mensajes haci\u00e9ndose pasar por ella. La joven contin\u00faa internada, bajo observaci\u00f3n m\u00e9dica, mientras la causa avanza en el \u00e1mbito judicial.<\/p>\n","protected":false},"excerpt":{"rendered":"<p>Una joven de 18 a&ntilde;os permanece internada en Paran&aacute; con fractura de cr&aacute;neo y p&eacute;rdida de l&iacute;quido encef&aacute;lico. Su madre denunci&oacute; que el supuesto accidente en bicicleta relatado por su pareja, un funcionario policial, encubrir&iacute;a una brutal agresi&oacute;n. Un presunto caso de violencia de g&eacute;nero mantiene en alerta a la Justicia y al sistema de [&hellip;]<\/p>\n","protected":false},"author":2,"featured_media":32440,"comment_status":"closed","ping_status":"closed","sticky":false,"template":"","format":"standard","meta":{"footnotes":""},"categories":[90,8,4],"tags":[890,6490,137,439,1184],"class_list":["post-32438","post","type-post","status-publish","format-standard","has-post-thumbnail","hentry","category-judicial","category-policiales","category-provinciales","tag-bicicleta","tag-cida","tag-joven","tag-santa-elena","tag-violencia-de-genero"],"_links":{"self":[{"href":"https:\/\/impactodenoticias.com.ar\/index.php?rest_route=\/wp\/v2\/posts\/32438","targetHints":{"allow":["GET"]}}],"collection":[{"href":"https:\/\/impactodenoticias.com.ar\/index.php?rest_route=\/wp\/v2\/posts"}],"about":[{"href":"https:\/\/impactodenoticias.com.ar\/index.php?rest_route=\/wp\/v2\/types\/post"}],"author":[{"embeddable":true,"href":"https:\/\/impactodenoticias.com.ar\/index.php?rest_route=\/wp\/v2\/users\/2"}],"replies":[{"embeddable":true,"href":"https:\/\/impactodenoticias.com.ar\/index.php?rest_route=%2Fwp%2Fv2%2Fcomments&post=32438"}],"version-history":[{"count":1,"href":"https:\/\/impactodenoticias.com.ar\/index.php?rest_route=\/wp\/v2\/posts\/32438\/revisions"}],"predecessor-version":[{"id":32441,"href":"https:\/\/impactodenoticias.com.ar\/index.php?rest_route=\/wp\/v2\/posts\/32438\/revisions\/32441"}],"wp:featuredmedia":[{"embeddable":true,"href":"https:\/\/impactodenoticias.com.ar\/index.php?rest_route=\/wp\/v2\/media\/32440"}],"wp:attachment":[{"href":"https:\/\/impactodenoticias.com.ar\/index.php?rest_route=%2Fwp%2Fv2%2Fmedia&parent=32438"}],"wp:term":[{"taxonomy":"category","embeddable":true,"href":"https:\/\/impactodenoticias.com.ar\/index.php?rest_route=%2Fwp%2Fv2%2Fcategories&post=32438"},{"taxonomy":"post_tag","embeddable":true,"href":"https:\/\/impactodenoticias.com.ar\/index.php?rest_route=%2Fwp%2Fv2%2Ftags&post=32438"}],"curies":[{"name":"wp","href":"https:\/\/api.w.org\/{rel}","templated":true}]}}