{"id":32445,"date":"2026-01-10T20:36:40","date_gmt":"2026-01-10T23:36:40","guid":{"rendered":"https:\/\/impactodenoticias.com.ar\/?p=32445"},"modified":"2026-01-10T20:36:40","modified_gmt":"2026-01-10T23:36:40","slug":"un-nino-se-quemo-el-cuerpo-cuando-estaba-de-vacaciones-en-colon","status":"publish","type":"post","link":"https:\/\/impactodenoticias.com.ar\/?p=32445","title":{"rendered":"Un ni\u00f1o se quem\u00f3 el cuerpo cuando estaba de vacaciones en Col\u00f3n"},"content":{"rendered":"\n<h2 class=\"wp-block-heading\">Un ni\u00f1o de 12 a\u00f1os ingres\u00f3 al hospital San Benjam\u00edn de la ciudad de Col\u00f3n, con quemaduras graves en su cuerpo, tras un incendio ocurrido en un complejo ubicado en las cercan\u00edas de las calles Saavedra Lamas y \u00d1andubay.<\/h2>\n\n\n\n<p>De acuerdo al relato de su padre, el foco \u00edgneo se origin\u00f3 en el sector del lavadero por razones que a\u00fan se investigan. Se supo que esta situaci\u00f3n le provoc\u00f3 quemaduras en el 40% del cuerpo, por lo que se encuentra en grave estado.<\/p>\n\n\n\n<p>Seg\u00fan se supo, debido a la gravedad de las lesiones, el menor fue derivado al Hospital Universitario Austral, en Pilar, provincia de Buenos Aires, para recibir atenci\u00f3n especializada.<\/p>\n\n\n\n<p>La Fiscal\u00eda de turno orden\u00f3 las diligencias correspondientes y la intervenci\u00f3n de \u00e1reas t\u00e9cnicas para esclarecer las circunstancias del incidente.<\/p>\n\n\n\n<p>Luego de las primeras pericias realizadas durante la madrugada de este s\u00e1bado, se determin\u00f3 preliminarmente que el siniestro habr\u00eda sido de car\u00e1cter accidental. Ya que el ni\u00f1o habr\u00eda manipulado material inflamable.<\/p>\n","protected":false},"excerpt":{"rendered":"<p>Un ni&ntilde;o de 12 a&ntilde;os ingres&oacute; al hospital San Benjam&iacute;n de la ciudad de Col&oacute;n, con quemaduras graves en su cuerpo, tras un incendio ocurrido en un complejo ubicado en las cercan&iacute;as de las calles Saavedra Lamas y &Ntilde;andubay. De acuerdo al relato de su padre, el foco &iacute;gneo se origin&oacute; en el sector del [&hellip;]<\/p>\n","protected":false},"author":2,"featured_media":32446,"comment_status":"closed","ping_status":"closed","sticky":false,"template":"","format":"standard","meta":{"footnotes":""},"categories":[8,4],"tags":[466,2636,503,370],"class_list":["post-32445","post","type-post","status-publish","format-standard","has-post-thumbnail","hentry","category-policiales","category-provinciales","tag-colon","tag-graves","tag-nino","tag-quemaduras"],"_links":{"self":[{"href":"https:\/\/impactodenoticias.com.ar\/index.php?rest_route=\/wp\/v2\/posts\/32445","targetHints":{"allow":["GET"]}}],"collection":[{"href":"https:\/\/impactodenoticias.com.ar\/index.php?rest_route=\/wp\/v2\/posts"}],"about":[{"href":"https:\/\/impactodenoticias.com.ar\/index.php?rest_route=\/wp\/v2\/types\/post"}],"author":[{"embeddable":true,"href":"https:\/\/impactodenoticias.com.ar\/index.php?rest_route=\/wp\/v2\/users\/2"}],"replies":[{"embeddable":true,"href":"https:\/\/impactodenoticias.com.ar\/index.php?rest_route=%2Fwp%2Fv2%2Fcomments&post=32445"}],"version-history":[{"count":1,"href":"https:\/\/impactodenoticias.com.ar\/index.php?rest_route=\/wp\/v2\/posts\/32445\/revisions"}],"predecessor-version":[{"id":32447,"href":"https:\/\/impactodenoticias.com.ar\/index.php?rest_route=\/wp\/v2\/posts\/32445\/revisions\/32447"}],"wp:featuredmedia":[{"embeddable":true,"href":"https:\/\/impactodenoticias.com.ar\/index.php?rest_route=\/wp\/v2\/media\/32446"}],"wp:attachment":[{"href":"https:\/\/impactodenoticias.com.ar\/index.php?rest_route=%2Fwp%2Fv2%2Fmedia&parent=32445"}],"wp:term":[{"taxonomy":"category","embeddable":true,"href":"https:\/\/impactodenoticias.com.ar\/index.php?rest_route=%2Fwp%2Fv2%2Fcategories&post=32445"},{"taxonomy":"post_tag","embeddable":true,"href":"https:\/\/impactodenoticias.com.ar\/index.php?rest_route=%2Fwp%2Fv2%2Ftags&post=32445"}],"curies":[{"name":"wp","href":"https:\/\/api.w.org\/{rel}","templated":true}]}}