{"id":32449,"date":"2026-01-19T13:16:47","date_gmt":"2026-01-19T16:16:47","guid":{"rendered":"https:\/\/impactodenoticias.com.ar\/?p=32449"},"modified":"2026-01-19T13:16:48","modified_gmt":"2026-01-19T16:16:48","slug":"parana-nuevo-pedido-de-justicia-por-el-crimen-de-facundo-bracamonte","status":"publish","type":"post","link":"https:\/\/impactodenoticias.com.ar\/?p=32449","title":{"rendered":"Paran\u00e1: nuevo pedido de justicia por el crimen de Facundo Bracamonte"},"content":{"rendered":"\n<h2 class=\"wp-block-heading\">Lorena Palma, mam\u00e1 de Facundo Bracamonte, muerto de un disparo en la cabeza el s\u00e1bado 3 de mayo de 2025, en un hecho que se registr\u00f3 en inmediaciones del Balneario Thompson de Paran\u00e1, pidi\u00f3 justicia.<\/h2>\n\n\n\n<p>Lorena Palma, mam\u00e1 de Facundo Bracamonte, que fue asesinado de un disparo en la cabeza en un incidente que se produjo el s\u00e1bado 3 de mayo de 2025 en una vivienda ubicada en inmediaciones del Balneario Thompson de Paran\u00e1, particip\u00f3 de una movilizaci\u00f3n que adem\u00e1s incluy\u00f3 corte de calle y batucada, frente al Palacio de Tribunales exigiendo justicia por el crimen de su hijo.<\/p>\n\n\n\n<p>Lorena manifest\u00f3 frente a los Tribunales: \u201cQueremos justicia, nos mataron en vida, a mi hijo lo mataron y lo dej\u00f3 tirado y \u00e9l se burla, se burla de nosotros, como lo hizo alg\u00fan tiempo con nosotros ahora lo hace con la familia de Katherine\u201d y finaliz\u00f3 casi como una s\u00faplica: \u201cPor favor, que nos escuchen, que escuchen nuestros pedidos por favor, para que no vuelva a pasar lo mismo\u201d.<\/p>\n\n\n\n<p>Palma destac\u00f3 que se movilizaron para pedir \u201cjusticia por Facundo y por Katherine, para que no los dejen libres a estos chicos asesinos para que cumplan lo que tienen que cumplir, porque los tienen tres meses y despu\u00e9s los largan, lo mismo hicieron con mi hijo, como son menores de edad vuelven a la casa.<\/p>\n\n\n\n<p><strong>Impactante punto en com\u00fan<\/strong><\/p>\n\n\n\n<p>La referencia de Palma a Katherine obedeci\u00f3 a que el supuesto autor del crimen de Bracamonte es investigado por el ataque a balazos sucedido el lunes 5 de enero aproximadamente a las 23.30, en una vivienda ubicada sobre calle Rep\u00fablica de Siria, casi Segundo Sombra, donde dos chicas menores de edad quedaron en medio de un ataque a balazos. Una recibi\u00f3 un disparo en un gl\u00fateo y la otra en la cabeza.<\/p>\n\n\n\n<p>Las primeras diligencias investigativas sobre el ataque ocurrido hace dos semanas dieron cuenta de dos menores de edad que se desplazaban en una motocicleta, y que frenaron frente al domicilio y efectuaron entre cinco y diez disparos de arma de fuego, para luego darse a la fuga.<\/p>\n\n\n\n<p>Pesquisas posteriores avanzaron en los detalles y surgi\u00f3 la presunta vinculaci\u00f3n de un chico de 16 a\u00f1os con ambos violentos incidentes. Como consecuencia del ataque, Katherine Alva, de 15 a\u00f1os, fue derivada al Hospital San Mart\u00edn, donde fue intervenida quir\u00fargicamente y permanece internada en la Unidad de Terapia Intensiva, con pron\u00f3stico reservado.<\/p>\n\n\n\n<p><strong>\u00abNo escucharon\u00bb<\/strong><\/p>\n\n\n\n<p>Palma se\u00f1al\u00f3 que mantuvo un di\u00e1logo con la fiscal de menores, Sonia Vives, que tiene la causa. Indic\u00f3 que la fiscal le dijo que \u201cposiblemente elevaba la causa a juicio en febrero y para agosto ser\u00eda el juicio, pero mientras tanto ellos siguen libres. Ahora est\u00e1n detenidos porque el mismo que le peg\u00f3 el tiro a mi hijo, es el mismo que le peg\u00f3 el tiro a Katherine, entonces por eso ahora est\u00e1 detenido el pibe, porque si no estar\u00eda en libertad, cuando le ped\u00ed por favor que lo no larguen porque iba a seguir haciendo lo mismo y no escucharon, no escucharon y ahora pas\u00f3 lo de Katherine\u201d, apunt\u00f3.<\/p>\n\n\n\n<p>Palma hizo referencia a los duros momentos que atraviesa junto a su familia. Y manifest\u00f3 que: \u201cEs larga la espera, se hace cada vez m\u00e1s larga porque el chico cumple 17 a\u00f1os reci\u00e9n en febrero, es decir que el a\u00f1o que viene va ser mayor de edad y ah\u00ed reci\u00e9n va a ir a un penal en febrero del a\u00f1o que viene, as\u00ed que la espera es cada vez m\u00e1s larga\u201d.<\/p>\n\n\n\n<p>Finalizando reclam\u00f3: \u201cQueremos justicia, nos mataron en vida, a mi hijo lo mataron y lo dej\u00f3 tirado y \u00e9l se burla, se burla de nosotros, como lo hizo alg\u00fan tiempo con nosotros ahora lo hace con la familia de Katherine\u201d.<\/p>\n","protected":false},"excerpt":{"rendered":"<p>Lorena Palma, mam&aacute; de Facundo Bracamonte, muerto de un disparo en la cabeza el s&aacute;bado 3 de mayo de 2025, en un hecho que se registr&oacute; en inmediaciones del Balneario Thompson de Paran&aacute;, pidi&oacute; justicia. Lorena Palma, mam&aacute; de Facundo Bracamonte, que fue asesinado de un disparo en la cabeza en un incidente que se [&hellip;]<\/p>\n","protected":false},"author":2,"featured_media":32450,"comment_status":"closed","ping_status":"closed","sticky":false,"template":"","format":"standard","meta":{"footnotes":""},"categories":[90,3,8],"tags":[6494,107,95,435],"class_list":["post-32449","post","type-post","status-publish","format-standard","has-post-thumbnail","hentry","category-judicial","category-locales","category-policiales","tag-bracamonte","tag-justicia","tag-parana","tag-pedido"],"_links":{"self":[{"href":"https:\/\/impactodenoticias.com.ar\/index.php?rest_route=\/wp\/v2\/posts\/32449","targetHints":{"allow":["GET"]}}],"collection":[{"href":"https:\/\/impactodenoticias.com.ar\/index.php?rest_route=\/wp\/v2\/posts"}],"about":[{"href":"https:\/\/impactodenoticias.com.ar\/index.php?rest_route=\/wp\/v2\/types\/post"}],"author":[{"embeddable":true,"href":"https:\/\/impactodenoticias.com.ar\/index.php?rest_route=\/wp\/v2\/users\/2"}],"replies":[{"embeddable":true,"href":"https:\/\/impactodenoticias.com.ar\/index.php?rest_route=%2Fwp%2Fv2%2Fcomments&post=32449"}],"version-history":[{"count":1,"href":"https:\/\/impactodenoticias.com.ar\/index.php?rest_route=\/wp\/v2\/posts\/32449\/revisions"}],"predecessor-version":[{"id":32451,"href":"https:\/\/impactodenoticias.com.ar\/index.php?rest_route=\/wp\/v2\/posts\/32449\/revisions\/32451"}],"wp:featuredmedia":[{"embeddable":true,"href":"https:\/\/impactodenoticias.com.ar\/index.php?rest_route=\/wp\/v2\/media\/32450"}],"wp:attachment":[{"href":"https:\/\/impactodenoticias.com.ar\/index.php?rest_route=%2Fwp%2Fv2%2Fmedia&parent=32449"}],"wp:term":[{"taxonomy":"category","embeddable":true,"href":"https:\/\/impactodenoticias.com.ar\/index.php?rest_route=%2Fwp%2Fv2%2Fcategories&post=32449"},{"taxonomy":"post_tag","embeddable":true,"href":"https:\/\/impactodenoticias.com.ar\/index.php?rest_route=%2Fwp%2Fv2%2Ftags&post=32449"}],"curies":[{"name":"wp","href":"https:\/\/api.w.org\/{rel}","templated":true}]}}