{"id":3256,"date":"2024-08-28T09:36:25","date_gmt":"2024-08-28T12:36:25","guid":{"rendered":"https:\/\/impactodenoticias.com.ar\/?p=3256"},"modified":"2024-08-28T09:36:25","modified_gmt":"2024-08-28T12:36:25","slug":"parana-arrestaron-a-dos-personas-en-situacion-de-calle-que-intentaron-robar-en-comercio","status":"publish","type":"post","link":"https:\/\/impactodenoticias.com.ar\/?p=3256","title":{"rendered":"Paran\u00e1: arrestaron a dos personas en situaci\u00f3n de calle que intentaron robar en comercio"},"content":{"rendered":"\n<h3 class=\"wp-block-heading\">El personal policial de Comisar\u00eda Segunda de Paran\u00e1 fue comisionado al local comercial de Frioteka de avenida Ram\u00edrez y calle Urquiza este martes a las 21.00, debido a un intento de robo reiterado de dos personas.<\/h3>\n\n\n\n<p>En el comercio en cuesti\u00f3n, la empleada da cuenta que dos sujetos hab\u00edan intentado ingresar al local con fines de robo, a quienes conoce de ocasiones anteriores, cuando hab\u00edan sustra\u00eddo elementos.<\/p>\n\n\n\n<p>Ante esta situaci\u00f3n, la trabajadora se\u00f1al\u00f3 que no les permitieron el ingreso y los sujetos comenzaron a forcejear con la puerta insistiendo para posteriormente darse a la fuga.<\/p>\n\n\n\n<p>Minutos m\u00e1s tarde, se los localiz\u00f3 y detuvo en calle Don Bosco y Conscripto Bernardi, fueron correctamente identificados y en situaci\u00f3n de calle, quienes por disposici\u00f3n de la fiscal\u00eda en turno quedaron alojados en Alcaid\u00eda de tribunales por tentativa de Robo.<\/p>\n","protected":false},"excerpt":{"rendered":"<p>El personal policial de Comisar&iacute;a Segunda de Paran&aacute; fue comisionado al local comercial de Frioteka de avenida Ram&iacute;rez y calle Urquiza este martes a las 21.00, debido a un intento de robo reiterado de dos personas. En el comercio en cuesti&oacute;n, la empleada da cuenta que dos sujetos hab&iacute;an intentado ingresar al local con fines [&hellip;]<\/p>\n","protected":false},"author":2,"featured_media":3257,"comment_status":"open","ping_status":"open","sticky":false,"template":"","format":"standard","meta":{"footnotes":""},"categories":[3,8],"tags":[138,1520,1138,95,147,1518],"class_list":["post-3256","post","type-post","status-publish","format-standard","has-post-thumbnail","hentry","category-locales","category-policiales","tag-detenidos","tag-frioteka","tag-intento","tag-parana","tag-robo","tag-sujetos"],"_links":{"self":[{"href":"https:\/\/impactodenoticias.com.ar\/index.php?rest_route=\/wp\/v2\/posts\/3256","targetHints":{"allow":["GET"]}}],"collection":[{"href":"https:\/\/impactodenoticias.com.ar\/index.php?rest_route=\/wp\/v2\/posts"}],"about":[{"href":"https:\/\/impactodenoticias.com.ar\/index.php?rest_route=\/wp\/v2\/types\/post"}],"author":[{"embeddable":true,"href":"https:\/\/impactodenoticias.com.ar\/index.php?rest_route=\/wp\/v2\/users\/2"}],"replies":[{"embeddable":true,"href":"https:\/\/impactodenoticias.com.ar\/index.php?rest_route=%2Fwp%2Fv2%2Fcomments&post=3256"}],"version-history":[{"count":1,"href":"https:\/\/impactodenoticias.com.ar\/index.php?rest_route=\/wp\/v2\/posts\/3256\/revisions"}],"predecessor-version":[{"id":3258,"href":"https:\/\/impactodenoticias.com.ar\/index.php?rest_route=\/wp\/v2\/posts\/3256\/revisions\/3258"}],"wp:featuredmedia":[{"embeddable":true,"href":"https:\/\/impactodenoticias.com.ar\/index.php?rest_route=\/wp\/v2\/media\/3257"}],"wp:attachment":[{"href":"https:\/\/impactodenoticias.com.ar\/index.php?rest_route=%2Fwp%2Fv2%2Fmedia&parent=3256"}],"wp:term":[{"taxonomy":"category","embeddable":true,"href":"https:\/\/impactodenoticias.com.ar\/index.php?rest_route=%2Fwp%2Fv2%2Fcategories&post=3256"},{"taxonomy":"post_tag","embeddable":true,"href":"https:\/\/impactodenoticias.com.ar\/index.php?rest_route=%2Fwp%2Fv2%2Ftags&post=3256"}],"curies":[{"name":"wp","href":"https:\/\/api.w.org\/{rel}","templated":true}]}}