{"id":32588,"date":"2026-01-27T08:23:10","date_gmt":"2026-01-27T11:23:10","guid":{"rendered":"https:\/\/impactodenoticias.com.ar\/?p=32588"},"modified":"2026-01-28T09:27:57","modified_gmt":"2026-01-28T12:27:57","slug":"katherina-stickel-renuncio-a-su-cargo-en-la-secretaria-de-seguridad-vial-de-parana","status":"publish","type":"post","link":"https:\/\/impactodenoticias.com.ar\/?p=32588","title":{"rendered":"Katherina Stickel renunci\u00f3 a su cargo en la Secretaria de Seguridad Vial de Paran\u00e1"},"content":{"rendered":"\n<h2 class=\"wp-block-heading\">Katherina Stickel no es m\u00e1s la secretaria de Seguridad Vial, Movilidad y Ordenamiento Urbano de la Municipalidad de Paran\u00e1. La funcionaria renuni\u00f3 en las \u00faltimas horas por motivos personales y se desvincul\u00f3 del equipo de gesti\u00f3n de la intendenta Rosario Romero.<\/h2>\n\n\n\n<p>Seg\u00fan informaron fuentes oficiales a <strong>IMPACTO DE NOTICIAS<\/strong>, el reemplazo de la ahora exfuncionaria ser\u00e1 anunciado este martes por la jefa comunal, en el marco de una actividad oficial que se desarrollar\u00e1 en la zona de la Terminal de la capital.<\/p>\n\n\n\n<p>Si bien no hay nombres confirmados, uno de los que suena para ocupar la Secretar\u00eda es Kevin Bolz\u00e1n, quien ya se viene desempe\u00f1ando en la actual administraci\u00f3n municipal.<\/p>\n","protected":false},"excerpt":{"rendered":"<p>Katherina Stickel no es m&aacute;s la secretaria de Seguridad Vial, Movilidad y Ordenamiento Urbano de la Municipalidad de Paran&aacute;. La funcionaria renuni&oacute; en las &uacute;ltimas horas por motivos personales y se desvincul&oacute; del equipo de gesti&oacute;n de la intendenta Rosario Romero. Seg&uacute;n informaron fuentes oficiales a IMPACTO DE NOTICIAS, el reemplazo de la ahora exfuncionaria [&hellip;]<\/p>\n","protected":false},"author":2,"featured_media":32589,"comment_status":"closed","ping_status":"closed","sticky":false,"template":"","format":"standard","meta":{"footnotes":""},"categories":[3,1902,11],"tags":[6523,102,95,1422],"class_list":["post-32588","post","type-post","status-publish","format-standard","has-post-thumbnail","hentry","category-locales","category-municipales","category-politica","tag-katerina-stickel","tag-municipalidad","tag-parana","tag-renuncia"],"_links":{"self":[{"href":"https:\/\/impactodenoticias.com.ar\/index.php?rest_route=\/wp\/v2\/posts\/32588","targetHints":{"allow":["GET"]}}],"collection":[{"href":"https:\/\/impactodenoticias.com.ar\/index.php?rest_route=\/wp\/v2\/posts"}],"about":[{"href":"https:\/\/impactodenoticias.com.ar\/index.php?rest_route=\/wp\/v2\/types\/post"}],"author":[{"embeddable":true,"href":"https:\/\/impactodenoticias.com.ar\/index.php?rest_route=\/wp\/v2\/users\/2"}],"replies":[{"embeddable":true,"href":"https:\/\/impactodenoticias.com.ar\/index.php?rest_route=%2Fwp%2Fv2%2Fcomments&post=32588"}],"version-history":[{"count":1,"href":"https:\/\/impactodenoticias.com.ar\/index.php?rest_route=\/wp\/v2\/posts\/32588\/revisions"}],"predecessor-version":[{"id":32590,"href":"https:\/\/impactodenoticias.com.ar\/index.php?rest_route=\/wp\/v2\/posts\/32588\/revisions\/32590"}],"wp:featuredmedia":[{"embeddable":true,"href":"https:\/\/impactodenoticias.com.ar\/index.php?rest_route=\/wp\/v2\/media\/32589"}],"wp:attachment":[{"href":"https:\/\/impactodenoticias.com.ar\/index.php?rest_route=%2Fwp%2Fv2%2Fmedia&parent=32588"}],"wp:term":[{"taxonomy":"category","embeddable":true,"href":"https:\/\/impactodenoticias.com.ar\/index.php?rest_route=%2Fwp%2Fv2%2Fcategories&post=32588"},{"taxonomy":"post_tag","embeddable":true,"href":"https:\/\/impactodenoticias.com.ar\/index.php?rest_route=%2Fwp%2Fv2%2Ftags&post=32588"}],"curies":[{"name":"wp","href":"https:\/\/api.w.org\/{rel}","templated":true}]}}