{"id":3268,"date":"2024-08-28T12:29:26","date_gmt":"2024-08-28T15:29:26","guid":{"rendered":"https:\/\/impactodenoticias.com.ar\/?p=3268"},"modified":"2024-08-28T12:42:03","modified_gmt":"2024-08-28T15:42:03","slug":"avanzaron-en-el-tratamiento-de-la-modificacion-de-la-ley-de-obras-publicas","status":"publish","type":"post","link":"https:\/\/impactodenoticias.com.ar\/?p=3268","title":{"rendered":"Avanzaron en el tratamiento de la modificaci\u00f3n de la Ley de Obras P\u00fablicas"},"content":{"rendered":"\n<h3 class=\"wp-block-heading\">Hubo dictamen favorable a un proyecto que brinda al Ejecutivo una herramienta legal para el desarrollo de obras en la provincia.<\/h3>\n\n\n\n<p>La comisi\u00f3n de Obras P\u00fablicas y Planeamiento, que preside la diputada Noelia Taborda, se reuni\u00f3 este martes para analizar el proyecto de ley que propone modificar la Ley de Obras P\u00fablicas, con la participaci\u00f3n de funcionarios del gobierno. La iniciativa obtuvo dictamen favorable por unanimidad.<\/p>\n\n\n\n<p>Estuvieron presentes Alfredo Bel, subadministrador de la Direcci\u00f3n Provincial de Vialidad (DPV); Andres Gallizzi, asesor Legal y T\u00e9cnico de la DPV; Esteban Vitor, secretario legal y t\u00e9cnico del Gobierno de Entre R\u00edos; Leonel Rodr\u00edguez, coordinador Legal, T\u00e9cnico y Administrativo de la Provincia; y Mat\u00edas Plugoboy, coordinador de Asuntos Legales y Estrat\u00e9gicos de la Secretar\u00eda General de la Gobernaci\u00f3n.<\/p>\n\n\n\n<p>La iniciativa, promovida por el Poder Ejecutivo y que ya cuenta con media sanci\u00f3n del Senado, modifica el art\u00edculo 52\u00b0 de la Ley N\u00b0 6.351 de Obras P\u00fablicas y agrega un inciso al art\u00edculo 2\u00b0 del C\u00f3digo Contencioso Administrativo. Con esto, los litigios de empresas contratistas de obra p\u00fablica tramitar\u00e1n en el fuero Contencioso Administrativo y variar\u00e1n los plazos.<\/p>\n\n\n\n<p>\u201cEs una modificaci\u00f3n que tuvo dictamen favorable y por unanimidad en la comisi\u00f3n, que es de suma importancia no s\u00f3lo para el gobierno, sino que perdura en el tiempo\u201d, explic\u00f3 la titular de la comisi\u00f3n.<\/p>\n\n\n\n<p>\u201cEs una herramienta m\u00e1s para el gobierno provincial, ya que hasta ahora ten\u00edamos una forma diferente en los reclamos administrativos o los juicios que sufr\u00eda la Provincia en raz\u00f3n de la obra p\u00fablica\u201d, agreg\u00f3 Taborda.<\/p>\n\n\n\n<p>Descuento a jubilados<\/p>\n\n\n\n<p>La comisi\u00f3n de Empleo, Previsi\u00f3n y Seguridad Social, que preside la diputada \u00c9rica Vilma V\u00e1zquez, comenz\u00f3 a tratar un proyecto de ley que busca hacer optativo el aporte de 0,25% que realizan los jubilados a la entidad que los representa. Participaron el secretario de Trabajo de la Provincia, Mariano Camoirano, y representantes de los gremios Asociaci\u00f3n de Trabajadores del Estado (ATE), Uni\u00f3n Personal Civil de la Naci\u00f3n (UPCN), Sindicato \u00danico de Obreros y Empleados Municipales (Suoyem) y Uni\u00f3n del Personal T\u00fanel Hernandarias (UPTH).<\/p>\n\n\n\n<p>El proyecto, que present\u00f3 el diputado Jorge Maier, propone que este aporte, destinado a la Federaci\u00f3n de Jubilados y Pensionados de Entre R\u00edos, que actualmente se realiza de forma compulsiva, sea optativo para los beneficiarios de haberes jubilatorios.<\/p>\n\n\n\n<p>\u201cSe trat\u00f3 la modificaci\u00f3n del art\u00edculo 1 de la Ley N\u00b0 5.773, que refiere al descuento del 0,25%. Convocamos en esta oportunidad a los gremios y la semana que viene lo haremos con la Federaci\u00f3n de Jubilados y Pensionados de la Provincia, conjuntamente con la Defensor\u00eda del Pueblo\u201d, dijo V\u00e1zquez.<\/p>\n\n\n\n<p>\u201cTenemos que escuchar todas las voces, porque es nuestra obligaci\u00f3n y responsabilidad como legisladores, y despu\u00e9s sacar las conclusiones y llegar a un eventual dictamen\u201d, indic\u00f3 la legisladora.<\/p>\n\n\n\n<p>\u201cLa opini\u00f3n de los gremios es que este descuento sea optativo. Nosotros debemos tambi\u00e9n escuchar las otras voces\u201d, a\u00f1adi\u00f3.<\/p>\n","protected":false},"excerpt":{"rendered":"<p>Hubo dictamen favorable a un proyecto que brinda al Ejecutivo una herramienta legal para el desarrollo de obras en la provincia. La comisi&oacute;n de Obras P&uacute;blicas y Planeamiento, que preside la diputada Noelia Taborda, se reuni&oacute; este martes para analizar el proyecto de ley que propone modificar la Ley de Obras P&uacute;blicas, con la participaci&oacute;n [&hellip;]<\/p>\n","protected":false},"author":2,"featured_media":3273,"comment_status":"open","ping_status":"open","sticky":false,"template":"","format":"standard","meta":{"footnotes":""},"categories":[11,4],"tags":[127,1527,155,1528,716,1063],"class_list":["post-3268","post","type-post","status-publish","format-standard","has-post-thumbnail","hentry","category-politica","category-provinciales","tag-diputados","tag-ley","tag-modificacion","tag-noelia-taborda","tag-obras","tag-publicas"],"_links":{"self":[{"href":"https:\/\/impactodenoticias.com.ar\/index.php?rest_route=\/wp\/v2\/posts\/3268","targetHints":{"allow":["GET"]}}],"collection":[{"href":"https:\/\/impactodenoticias.com.ar\/index.php?rest_route=\/wp\/v2\/posts"}],"about":[{"href":"https:\/\/impactodenoticias.com.ar\/index.php?rest_route=\/wp\/v2\/types\/post"}],"author":[{"embeddable":true,"href":"https:\/\/impactodenoticias.com.ar\/index.php?rest_route=\/wp\/v2\/users\/2"}],"replies":[{"embeddable":true,"href":"https:\/\/impactodenoticias.com.ar\/index.php?rest_route=%2Fwp%2Fv2%2Fcomments&post=3268"}],"version-history":[{"count":1,"href":"https:\/\/impactodenoticias.com.ar\/index.php?rest_route=\/wp\/v2\/posts\/3268\/revisions"}],"predecessor-version":[{"id":3271,"href":"https:\/\/impactodenoticias.com.ar\/index.php?rest_route=\/wp\/v2\/posts\/3268\/revisions\/3271"}],"wp:featuredmedia":[{"embeddable":true,"href":"https:\/\/impactodenoticias.com.ar\/index.php?rest_route=\/wp\/v2\/media\/3273"}],"wp:attachment":[{"href":"https:\/\/impactodenoticias.com.ar\/index.php?rest_route=%2Fwp%2Fv2%2Fmedia&parent=3268"}],"wp:term":[{"taxonomy":"category","embeddable":true,"href":"https:\/\/impactodenoticias.com.ar\/index.php?rest_route=%2Fwp%2Fv2%2Fcategories&post=3268"},{"taxonomy":"post_tag","embeddable":true,"href":"https:\/\/impactodenoticias.com.ar\/index.php?rest_route=%2Fwp%2Fv2%2Ftags&post=3268"}],"curies":[{"name":"wp","href":"https:\/\/api.w.org\/{rel}","templated":true}]}}