{"id":32729,"date":"2026-02-03T09:37:45","date_gmt":"2026-02-03T12:37:45","guid":{"rendered":"https:\/\/impactodenoticias.com.ar\/?p=32729"},"modified":"2026-02-04T11:03:24","modified_gmt":"2026-02-04T14:03:24","slug":"concordia-empresas-de-transporte-pediran-un-aumento-del-precio-del-boleto-de-colectivo","status":"publish","type":"post","link":"https:\/\/impactodenoticias.com.ar\/?p=32729","title":{"rendered":"Concordia: empresas de transporte pedir\u00e1n un aumento del precio del boleto de colectivo"},"content":{"rendered":"\n<h2 class=\"wp-block-heading\">Desde la C\u00e1mara de Transporte de Concordia, entidad que agrupa a las empresas concesionarias del servicio urbano de pasajeros, confirmaron que la pr\u00f3xima semana iniciar\u00e1n las consultas formales ante el Poder Ejecutivo Municipal para iniciar un proceso de evaluaci\u00f3n de costos y proyecciones.<\/h2>\n\n\n\n<p>El objetivo del pedido es que, luego de las negociaciones y an\u00e1lisis que se desarrollar\u00edan especialmente durante febrero, pueda concretarse una nueva actualizaci\u00f3n tarifaria con posible entrada en vigencia en marzo.<\/p>\n\n\n\n<p>La \u00faltima actualizaci\u00f3n tarifaria del servicio de colectivos fue en agosto de 2025 por el Poder Ejecutivo Municipal, a trav\u00e9s del Decreto N\u00b0 888\/2025. Bajo ese esquema, el ticket se increment\u00f3 a una tarifa plana de $1.400 para el p\u00fablico general. No obstante, se estableci\u00f3 el \u201cBoleto Concordiense\u201d a $980 para usuarios registrados y se fij\u00f3 la gratuidad para estudiantes primarios\/secundarios y personas con discapacidad.<\/p>\n\n\n\n<p>Este r\u00e9gimen tarifario no fue definido por el Concejo Deliberante, como suced\u00eda con anterioridad, sino directamente por el Poder Ejecutivo Municipal. Esa facultad fue habilitada por la Ordenanza N\u00b0 38.372 de 2024, que establece que el Departamento Ejecutivo puede actualizar los valores de manera peri\u00f3dica -cada cuatro meses- en funci\u00f3n de indicadores como los costos operativos, combustible y salarios del sector, consign\u00f3 Diario R\u00edo Uruguay.<\/p>\n\n\n\n<p>Representantes del sector empresarial han indicado en distintas oportunidades que la revisi\u00f3n peri\u00f3dica de tarifas es necesaria ante la variaci\u00f3n de insumos clave para la operaci\u00f3n del servicio y la estructura de subsidios, que ha cambiado en los \u00faltimos meses, afectando de manera directa los costos que afrontan las empresas.<\/p>\n\n\n\n<p>Debido a esta situaci\u00f3n, tanto autoridades municipales como referentes de la C\u00e1mara de Transporte Urbano mantendr\u00e1n reuniones en las primeras semanas de febrero para acordar t\u00e9rminos y presentar propuestas formales de ajuste.<\/p>\n","protected":false},"excerpt":{"rendered":"<p>Desde la C&aacute;mara de Transporte de Concordia, entidad que agrupa a las empresas concesionarias del servicio urbano de pasajeros, confirmaron que la pr&oacute;xima semana iniciar&aacute;n las consultas formales ante el Poder Ejecutivo Municipal para iniciar un proceso de evaluaci&oacute;n de costos y proyecciones. El objetivo del pedido es que, luego de las negociaciones y an&aacute;lisis [&hellip;]<\/p>\n","protected":false},"author":2,"featured_media":32730,"comment_status":"closed","ping_status":"closed","sticky":false,"template":"","format":"standard","meta":{"footnotes":""},"categories":[1902,49],"tags":[1357,348,72,808,1558],"class_list":["post-32729","post","type-post","status-publish","format-standard","has-post-thumbnail","hentry","category-municipales","category-sociedad","tag-boleto","tag-colectivos","tag-concordia","tag-empresas","tag-incremento"],"_links":{"self":[{"href":"https:\/\/impactodenoticias.com.ar\/index.php?rest_route=\/wp\/v2\/posts\/32729","targetHints":{"allow":["GET"]}}],"collection":[{"href":"https:\/\/impactodenoticias.com.ar\/index.php?rest_route=\/wp\/v2\/posts"}],"about":[{"href":"https:\/\/impactodenoticias.com.ar\/index.php?rest_route=\/wp\/v2\/types\/post"}],"author":[{"embeddable":true,"href":"https:\/\/impactodenoticias.com.ar\/index.php?rest_route=\/wp\/v2\/users\/2"}],"replies":[{"embeddable":true,"href":"https:\/\/impactodenoticias.com.ar\/index.php?rest_route=%2Fwp%2Fv2%2Fcomments&post=32729"}],"version-history":[{"count":1,"href":"https:\/\/impactodenoticias.com.ar\/index.php?rest_route=\/wp\/v2\/posts\/32729\/revisions"}],"predecessor-version":[{"id":32731,"href":"https:\/\/impactodenoticias.com.ar\/index.php?rest_route=\/wp\/v2\/posts\/32729\/revisions\/32731"}],"wp:featuredmedia":[{"embeddable":true,"href":"https:\/\/impactodenoticias.com.ar\/index.php?rest_route=\/wp\/v2\/media\/32730"}],"wp:attachment":[{"href":"https:\/\/impactodenoticias.com.ar\/index.php?rest_route=%2Fwp%2Fv2%2Fmedia&parent=32729"}],"wp:term":[{"taxonomy":"category","embeddable":true,"href":"https:\/\/impactodenoticias.com.ar\/index.php?rest_route=%2Fwp%2Fv2%2Fcategories&post=32729"},{"taxonomy":"post_tag","embeddable":true,"href":"https:\/\/impactodenoticias.com.ar\/index.php?rest_route=%2Fwp%2Fv2%2Ftags&post=32729"}],"curies":[{"name":"wp","href":"https:\/\/api.w.org\/{rel}","templated":true}]}}