{"id":3274,"date":"2024-08-28T17:19:03","date_gmt":"2024-08-28T20:19:03","guid":{"rendered":"https:\/\/impactodenoticias.com.ar\/?p=3274"},"modified":"2024-08-29T18:44:09","modified_gmt":"2024-08-29T21:44:09","slug":"se-avecinan-nuevos-paros-de-los-choferes-de-colectivos-en-parana-desde-uta-aseguran-que-el-panorama-es-incierto","status":"publish","type":"post","link":"https:\/\/impactodenoticias.com.ar\/?p=3274","title":{"rendered":"Se avecinan nuevos paros de los choferes de colectivos en Paran\u00e1: desde UTA aseguran que el panorama es \u201cincierto\u201d"},"content":{"rendered":"\n<h3 class=\"wp-block-heading\">El secretario General del gremio en Entre R\u00edos, afirm\u00f3 que esperan una oferta en el marco de la conciliaci\u00f3n obligatoria, pero que si no hay respuestas analizar\u00e1n nuevas medidas de fuerza.<\/h3>\n\n\n\n<p>El secretario general de UTA Entre R\u00edos, Juan Jos\u00e9 Brito, dialog\u00f3 con los medios tras la audiencia de conciliaci\u00f3n obligatoria de este mi\u00e9rcoles, en el marco del conflicto que sostienen los choferes de colectivos con la empresa Buses Paran\u00e1. La instancia pas\u00f3 a cuarto intermedio hasta el viernes.<\/p>\n\n\n\n<p>\u201cProvincia es la \u00fanica que nos da alg\u00fan marco de esperanza, el municipio dice que no pueden hacer nada. Se comprometieron a traer algo m\u00e1s firme el viernes\u201d, explic\u00f3 Brito. Y a\u00f1adi\u00f3: \u201cSi el viernes no hay respuestas y no llegamos a un acuerdo, tomaremos una medida sindical\u201d.<\/p>\n\n\n\n<p>Sobre las quejas de los usuarios, el gremialista destac\u00f3: \u201cYo les dir\u00eda que un sueldo de 700 mil pesos est\u00e1 por debajo de la l\u00ednea de la pobreza. Es todo incierto, la esperanza la vamos perdiendo, pero daremos unos d\u00edas para ver si encontramos una soluci\u00f3n\u201d, se\u00f1al\u00f3.<\/p>\n\n\n\n<p>En relaci\u00f3n a la posibilidad de que una nueva empresa se haga cargo del servicio, el sindicalista afirm\u00f3: \u201cVenga quien venga, se tendr\u00e1 que hacer cargo de todos los trabajadores\u201d.<\/p>\n","protected":false},"excerpt":{"rendered":"<p>El secretario General del gremio en Entre R&iacute;os, afirm&oacute; que esperan una oferta en el marco de la conciliaci&oacute;n obligatoria, pero que si no hay respuestas analizar&aacute;n nuevas medidas de fuerza. El secretario general de UTA Entre R&iacute;os, Juan Jos&eacute; Brito, dialog&oacute; con los medios tras la audiencia de conciliaci&oacute;n obligatoria de este mi&eacute;rcoles, en [&hellip;]<\/p>\n","protected":false},"author":2,"featured_media":3275,"comment_status":"open","ping_status":"open","sticky":false,"template":"","format":"standard","meta":{"footnotes":""},"categories":[91,3],"tags":[33,1279,365],"class_list":["post-3274","post","type-post","status-publish","format-standard","has-post-thumbnail","hentry","category-gremiales","category-locales","tag-entre-rios","tag-juan-jose-brito","tag-uta"],"_links":{"self":[{"href":"https:\/\/impactodenoticias.com.ar\/index.php?rest_route=\/wp\/v2\/posts\/3274","targetHints":{"allow":["GET"]}}],"collection":[{"href":"https:\/\/impactodenoticias.com.ar\/index.php?rest_route=\/wp\/v2\/posts"}],"about":[{"href":"https:\/\/impactodenoticias.com.ar\/index.php?rest_route=\/wp\/v2\/types\/post"}],"author":[{"embeddable":true,"href":"https:\/\/impactodenoticias.com.ar\/index.php?rest_route=\/wp\/v2\/users\/2"}],"replies":[{"embeddable":true,"href":"https:\/\/impactodenoticias.com.ar\/index.php?rest_route=%2Fwp%2Fv2%2Fcomments&post=3274"}],"version-history":[{"count":1,"href":"https:\/\/impactodenoticias.com.ar\/index.php?rest_route=\/wp\/v2\/posts\/3274\/revisions"}],"predecessor-version":[{"id":3276,"href":"https:\/\/impactodenoticias.com.ar\/index.php?rest_route=\/wp\/v2\/posts\/3274\/revisions\/3276"}],"wp:featuredmedia":[{"embeddable":true,"href":"https:\/\/impactodenoticias.com.ar\/index.php?rest_route=\/wp\/v2\/media\/3275"}],"wp:attachment":[{"href":"https:\/\/impactodenoticias.com.ar\/index.php?rest_route=%2Fwp%2Fv2%2Fmedia&parent=3274"}],"wp:term":[{"taxonomy":"category","embeddable":true,"href":"https:\/\/impactodenoticias.com.ar\/index.php?rest_route=%2Fwp%2Fv2%2Fcategories&post=3274"},{"taxonomy":"post_tag","embeddable":true,"href":"https:\/\/impactodenoticias.com.ar\/index.php?rest_route=%2Fwp%2Fv2%2Ftags&post=3274"}],"curies":[{"name":"wp","href":"https:\/\/api.w.org\/{rel}","templated":true}]}}