{"id":3277,"date":"2024-08-28T17:27:59","date_gmt":"2024-08-28T20:27:59","guid":{"rendered":"https:\/\/impactodenoticias.com.ar\/?p=3277"},"modified":"2024-08-28T17:49:48","modified_gmt":"2024-08-28T20:49:48","slug":"villaguay-volco-un-colectivo-escolar-y-varios-alumnos-sufrieron-heridas","status":"publish","type":"post","link":"https:\/\/impactodenoticias.com.ar\/?p=3277","title":{"rendered":"Villaguay: volc\u00f3 un colectivo escolar y varios alumnos sufrieron heridas"},"content":{"rendered":"\n<p><strong>El colectivo escolar sufri\u00f3 un desperfecto mec\u00e1nico que provoc\u00f3 el inesperado vuelco. Los alumnos sufrieron golpes y cortes. Pudo haber sido una tragedia.<\/strong><\/p>\n\n\n\n<p>Un colectivo escolar volc\u00f3 este mi\u00e9rcoles de ma\u00f1ana en el departamento Villaguay. Alumnos de la Escuela Secundaria N\u00b0 11 \u201cSalustiano Segovia\u201d, resultaron con diversas heridas.<\/p>\n\n\n\n<p><\/p>\n\n\n\n<figure class=\"wp-block-image size-full\"><img loading=\"lazy\" decoding=\"async\" width=\"643\" height=\"474\" src=\"https:\/\/impactodenoticias.com.ar\/wp-content\/uploads\/2024\/08\/scrnli_28_8_2024_17-23-15.png\" alt=\"\" class=\"wp-image-3278\" srcset=\"https:\/\/impactodenoticias.com.ar\/wp-content\/uploads\/2024\/08\/scrnli_28_8_2024_17-23-15.png 643w, https:\/\/impactodenoticias.com.ar\/wp-content\/uploads\/2024\/08\/scrnli_28_8_2024_17-23-15-300x221.png 300w\" sizes=\"auto, (max-width: 643px) 100vw, 643px\" \/><\/figure>\n\n\n\n<p><\/p>\n\n\n\n<p>Se trata de un colectivo que recorre desde Lucas Sud Segunda hacia el establecimiento escolar, que termin\u00f3 volcando este mi\u00e9rcoles alrededor de las 6.45 de la ma\u00f1ana, precisamente a la salida del Puente \u201cEl Barrero\u201d.<\/p>\n\n\n\n<p>Luego del aviso de la directora intervino el personal policial. El chofer del colectivo, de 47 a\u00f1os, manifest\u00f3 que el transporte sufri\u00f3 un desperfecto, motivo por el cual no obtuvo respuesta en la direcci\u00f3n y en los frenos, lo que hizo perder el control del pesado rodado.<\/p>\n\n\n\n<p>El colectivo termin\u00f3 volcando al costado del camino. Los chicos que viajaban en el interior resultaron con distintas lesiones, entre ellos dolor corporal, golpe en cabeza, corte en mano y ment\u00f3n, afortunadamente sin padecer heridas de gravedad.<\/p>\n\n\n\n<p>Intervino la Divisi\u00f3n Criminal\u00edstica, mec\u00e1nico y m\u00e9dico policial en turno; a cargo de las actuaciones Oficial de Comisar\u00eda Lucas Norte.<\/p>\n","protected":false},"excerpt":{"rendered":"<p>El colectivo escolar sufri&oacute; un desperfecto mec&aacute;nico que provoc&oacute; el inesperado vuelco. Los alumnos sufrieron golpes y cortes. Pudo haber sido una tragedia. Un colectivo escolar volc&oacute; este mi&eacute;rcoles de ma&ntilde;ana en el departamento Villaguay. Alumnos de la Escuela Secundaria N&deg; 11 &ldquo;Salustiano Segovia&rdquo;, resultaron con diversas heridas. Se trata de un colectivo que recorre [&hellip;]<\/p>\n","protected":false},"author":2,"featured_media":3293,"comment_status":"open","ping_status":"open","sticky":false,"template":"","format":"standard","meta":{"footnotes":""},"categories":[8,4],"tags":[1529,394,228,55,336],"class_list":["post-3277","post","type-post","status-publish","format-standard","has-post-thumbnail","hentry","category-policiales","category-provinciales","tag-escolar","tag-heridos","tag-micro","tag-villaguay","tag-vuelco"],"_links":{"self":[{"href":"https:\/\/impactodenoticias.com.ar\/index.php?rest_route=\/wp\/v2\/posts\/3277","targetHints":{"allow":["GET"]}}],"collection":[{"href":"https:\/\/impactodenoticias.com.ar\/index.php?rest_route=\/wp\/v2\/posts"}],"about":[{"href":"https:\/\/impactodenoticias.com.ar\/index.php?rest_route=\/wp\/v2\/types\/post"}],"author":[{"embeddable":true,"href":"https:\/\/impactodenoticias.com.ar\/index.php?rest_route=\/wp\/v2\/users\/2"}],"replies":[{"embeddable":true,"href":"https:\/\/impactodenoticias.com.ar\/index.php?rest_route=%2Fwp%2Fv2%2Fcomments&post=3277"}],"version-history":[{"count":1,"href":"https:\/\/impactodenoticias.com.ar\/index.php?rest_route=\/wp\/v2\/posts\/3277\/revisions"}],"predecessor-version":[{"id":3280,"href":"https:\/\/impactodenoticias.com.ar\/index.php?rest_route=\/wp\/v2\/posts\/3277\/revisions\/3280"}],"wp:featuredmedia":[{"embeddable":true,"href":"https:\/\/impactodenoticias.com.ar\/index.php?rest_route=\/wp\/v2\/media\/3293"}],"wp:attachment":[{"href":"https:\/\/impactodenoticias.com.ar\/index.php?rest_route=%2Fwp%2Fv2%2Fmedia&parent=3277"}],"wp:term":[{"taxonomy":"category","embeddable":true,"href":"https:\/\/impactodenoticias.com.ar\/index.php?rest_route=%2Fwp%2Fv2%2Fcategories&post=3277"},{"taxonomy":"post_tag","embeddable":true,"href":"https:\/\/impactodenoticias.com.ar\/index.php?rest_route=%2Fwp%2Fv2%2Ftags&post=3277"}],"curies":[{"name":"wp","href":"https:\/\/api.w.org\/{rel}","templated":true}]}}