{"id":3281,"date":"2024-08-28T17:31:16","date_gmt":"2024-08-28T20:31:16","guid":{"rendered":"https:\/\/impactodenoticias.com.ar\/?p=3281"},"modified":"2024-08-28T17:31:16","modified_gmt":"2024-08-28T20:31:16","slug":"un-carpincho-ingreso-al-tunel-subfluvial-y-produjo-demoras-en-el-transito","status":"publish","type":"post","link":"https:\/\/impactodenoticias.com.ar\/?p=3281","title":{"rendered":"Un carpincho ingres\u00f3 al T\u00fanel Subfluvial y produjo demoras en el tr\u00e1nsito"},"content":{"rendered":"\n<h3 class=\"wp-block-heading\">El ins\u00f3lito hecho sucedi\u00f3 en horas de la madrugada de este mi\u00e9rcoles, del lado de Santa Fe. Una vez capturado fue liberado en su h\u00e1bitat sano y salvo.<\/h3>\n\n\n\n<p>Un carpincho ingres\u00f3 al T\u00fanel Subfluvial desde el lado de ingreso por Santa Fe. Una vez avisados, el personal del viaducto realiz\u00f3 el corte total del tr\u00e1nsito por 20 minutos aproximadamente, desde las 5:25 a las 5:40 de este mi\u00e9rcoles.<\/p>\n\n\n\n<p>Los trabajadores del T\u00fanel Uranga-Begnis actuaron r\u00e1pidamente y lograron guiar al animal de vuelta al exterior. Seg\u00fan informaron, el carpincho ya se encuentra en su h\u00e1bitat sin haber sufrido da\u00f1o alguno tras su paseo dentro de la v\u00eda subfluvial.<\/p>\n","protected":false},"excerpt":{"rendered":"<p>El ins&oacute;lito hecho sucedi&oacute; en horas de la madrugada de este mi&eacute;rcoles, del lado de Santa Fe. Una vez capturado fue liberado en su h&aacute;bitat sano y salvo. Un carpincho ingres&oacute; al T&uacute;nel Subfluvial desde el lado de ingreso por Santa Fe. Una vez avisados, el personal del viaducto realiz&oacute; el corte total del tr&aacute;nsito [&hellip;]<\/p>\n","protected":false},"author":2,"featured_media":3282,"comment_status":"open","ping_status":"open","sticky":false,"template":"","format":"standard","meta":{"footnotes":""},"categories":[3,8],"tags":[1530,855],"class_list":["post-3281","post","type-post","status-publish","format-standard","has-post-thumbnail","hentry","category-locales","category-policiales","tag-carpincho","tag-tunel-subfluvial"],"_links":{"self":[{"href":"https:\/\/impactodenoticias.com.ar\/index.php?rest_route=\/wp\/v2\/posts\/3281","targetHints":{"allow":["GET"]}}],"collection":[{"href":"https:\/\/impactodenoticias.com.ar\/index.php?rest_route=\/wp\/v2\/posts"}],"about":[{"href":"https:\/\/impactodenoticias.com.ar\/index.php?rest_route=\/wp\/v2\/types\/post"}],"author":[{"embeddable":true,"href":"https:\/\/impactodenoticias.com.ar\/index.php?rest_route=\/wp\/v2\/users\/2"}],"replies":[{"embeddable":true,"href":"https:\/\/impactodenoticias.com.ar\/index.php?rest_route=%2Fwp%2Fv2%2Fcomments&post=3281"}],"version-history":[{"count":1,"href":"https:\/\/impactodenoticias.com.ar\/index.php?rest_route=\/wp\/v2\/posts\/3281\/revisions"}],"predecessor-version":[{"id":3283,"href":"https:\/\/impactodenoticias.com.ar\/index.php?rest_route=\/wp\/v2\/posts\/3281\/revisions\/3283"}],"wp:featuredmedia":[{"embeddable":true,"href":"https:\/\/impactodenoticias.com.ar\/index.php?rest_route=\/wp\/v2\/media\/3282"}],"wp:attachment":[{"href":"https:\/\/impactodenoticias.com.ar\/index.php?rest_route=%2Fwp%2Fv2%2Fmedia&parent=3281"}],"wp:term":[{"taxonomy":"category","embeddable":true,"href":"https:\/\/impactodenoticias.com.ar\/index.php?rest_route=%2Fwp%2Fv2%2Fcategories&post=3281"},{"taxonomy":"post_tag","embeddable":true,"href":"https:\/\/impactodenoticias.com.ar\/index.php?rest_route=%2Fwp%2Fv2%2Ftags&post=3281"}],"curies":[{"name":"wp","href":"https:\/\/api.w.org\/{rel}","templated":true}]}}