{"id":32911,"date":"2026-02-21T10:58:27","date_gmt":"2026-02-21T13:58:27","guid":{"rendered":"https:\/\/impactodenoticias.com.ar\/?p=32911"},"modified":"2026-02-23T09:14:03","modified_gmt":"2026-02-23T12:14:03","slug":"desde-ate-criticaron-el-cierre-de-la-paritaria-sin-una-propuesta-superadora-real","status":"publish","type":"post","link":"https:\/\/impactodenoticias.com.ar\/?p=32911","title":{"rendered":"Desde ATE criticaron el cierre de la paritaria \u201csin una propuesta superadora real\u201d"},"content":{"rendered":"\n<h2 class=\"wp-block-heading\">El Gobierno Provincial y la Uni\u00f3n del Personal Civil de la Naci\u00f3n (UPCN) cerraron la paritaria con acuerdo de mayor\u00eda. Mientras que la Asociaci\u00f3n Trabajadores del Estado (ATE), se\u00f1al\u00f3 no estar en condiciones de aceptar.<\/h2>\n\n\n\n<p>Seg\u00fan lo informado, los incrementos tienen vigencia a partir de febrero de 2026 y contemplan sumas fijas no remunerativas de que van de los $150 mil a los $320 mil. Los jubilados, por su lado, cobrar\u00e1n $75 mil, tambi\u00e9n del mismo modo, en todos los casos absorbiendo la suma fija que ya se cobraba. Se determin\u00f3 adem\u00e1s un incremento del 50% en la Ayuda Escolar.<\/p>\n\n\n\n<p>Desde ATE consideraron que la propuesta no es superadora: \u201cEn una dura discusi\u00f3n y sin una propuesta superadora real por parte de las autoridades provinciales, la negociaci\u00f3n paritaria de este viernes, tras un breve lapso, cerr\u00f3 con acuerdo del otro gremio estatal\u201d, se\u00f1alaron tras el encuentro.<\/p>\n\n\n\n<p>A trav\u00e9s de un comunicado, el gremio asegur\u00f3: \u201cEl Sindicato propuso un nuevo encuentro para dar tiempo a las decisiones de las bases y llevar la nueva propuesta y analizarla en los cuerpos org\u00e1nicos correspondientes. Pero el Gobierno se neg\u00f3, condicionando la liquidaci\u00f3n de los haberes a la aceptaci\u00f3n inmediata de la propuesta\u201d.<\/p>\n\n\n\n<p>Y agragaron que: \u201cpese al reclamo de nuestro sindicato de respetar los tiempos de consulta de los trabajadores, el acta paritaria se cerr\u00f3 por mayor\u00eda con el aval del otro gremio\u201d.<\/p>\n\n\n\n<p>ATE Entre R\u00edos destac\u00f3 que mantiene \u201cla premisa de defender el poder adquisitivo y ratifica que ninguna negociaci\u00f3n deber\u00eda cerrarse de espaldas a los trabajadores y bajo mecanismos de presi\u00f3n que limitan el debate democr\u00e1tico\u201d.<\/p>\n\n\n\n<p>Tras las declaraciones, convocaron para el lunes 23 en la sede del Sindicato, al Cuerpo de Delegados a las 8 horas y al Consejo Directivo a las 10 horas, para debatir lo sucedido en la negociaci\u00f3n con la patronal. \u201cAl mismo tiempo, se pondr\u00e1 a discusi\u00f3n el tema de la Reforma Previsional, con el que gobierno intenta avanzar pronto\u201d, concluyeron.<\/p>\n","protected":false},"excerpt":{"rendered":"<p>El Gobierno Provincial y la Uni&oacute;n del Personal Civil de la Naci&oacute;n (UPCN) cerraron la paritaria con acuerdo de mayor&iacute;a. Mientras que la Asociaci&oacute;n Trabajadores del Estado (ATE), se&ntilde;al&oacute; no estar en condiciones de aceptar. Seg&uacute;n lo informado, los incrementos tienen vigencia a partir de febrero de 2026 y contemplan sumas fijas no remunerativas de [&hellip;]<\/p>\n","protected":false},"author":2,"featured_media":32912,"comment_status":"closed","ping_status":"closed","sticky":false,"template":"","format":"standard","meta":{"footnotes":""},"categories":[91,11,4],"tags":[6235,103,487,47,903],"class_list":["post-32911","post","type-post","status-publish","format-standard","has-post-thumbnail","hentry","category-gremiales","category-politica","category-provinciales","tag-6235","tag-ate","tag-cierre","tag-criticas","tag-paritarias"],"_links":{"self":[{"href":"https:\/\/impactodenoticias.com.ar\/index.php?rest_route=\/wp\/v2\/posts\/32911","targetHints":{"allow":["GET"]}}],"collection":[{"href":"https:\/\/impactodenoticias.com.ar\/index.php?rest_route=\/wp\/v2\/posts"}],"about":[{"href":"https:\/\/impactodenoticias.com.ar\/index.php?rest_route=\/wp\/v2\/types\/post"}],"author":[{"embeddable":true,"href":"https:\/\/impactodenoticias.com.ar\/index.php?rest_route=\/wp\/v2\/users\/2"}],"replies":[{"embeddable":true,"href":"https:\/\/impactodenoticias.com.ar\/index.php?rest_route=%2Fwp%2Fv2%2Fcomments&post=32911"}],"version-history":[{"count":1,"href":"https:\/\/impactodenoticias.com.ar\/index.php?rest_route=\/wp\/v2\/posts\/32911\/revisions"}],"predecessor-version":[{"id":32913,"href":"https:\/\/impactodenoticias.com.ar\/index.php?rest_route=\/wp\/v2\/posts\/32911\/revisions\/32913"}],"wp:featuredmedia":[{"embeddable":true,"href":"https:\/\/impactodenoticias.com.ar\/index.php?rest_route=\/wp\/v2\/media\/32912"}],"wp:attachment":[{"href":"https:\/\/impactodenoticias.com.ar\/index.php?rest_route=%2Fwp%2Fv2%2Fmedia&parent=32911"}],"wp:term":[{"taxonomy":"category","embeddable":true,"href":"https:\/\/impactodenoticias.com.ar\/index.php?rest_route=%2Fwp%2Fv2%2Fcategories&post=32911"},{"taxonomy":"post_tag","embeddable":true,"href":"https:\/\/impactodenoticias.com.ar\/index.php?rest_route=%2Fwp%2Fv2%2Ftags&post=32911"}],"curies":[{"name":"wp","href":"https:\/\/api.w.org\/{rel}","templated":true}]}}