{"id":32963,"date":"2026-02-24T18:27:03","date_gmt":"2026-02-24T21:27:03","guid":{"rendered":"https:\/\/impactodenoticias.com.ar\/?p=32963"},"modified":"2026-02-26T08:47:25","modified_gmt":"2026-02-26T11:47:25","slug":"solicitaron-de-forma-urgente-que-el-servicio-penitenciario-federal-spf-evalue-el-traslado-e-ingreso-de-airaldi-al-regimen-de-alto-perfil","status":"publish","type":"post","link":"https:\/\/impactodenoticias.com.ar\/?p=32963","title":{"rendered":"Solicitaron de forma urgente que el Servicio Penitenciario Federal (SPF) eval\u00fae el traslado e ingreso de Airaldi al r\u00e9gimen de \u00abAlto Perfil\u00bb"},"content":{"rendered":"\n<h2 class=\"wp-block-heading\">El Tribunal Oral Federal de Paran\u00e1 pidi\u00f3 el traslado e ingreso de Leonardo Airaldi al r\u00e9gimen de \u201cAlto Perfil\u201d, luego del descubrimiento de un presunto plan criminal para asesinar a altos funcionarios judiciales y del gobierno provincial.<\/h2>\n\n\n\n<p>La resoluci\u00f3n, firmada este martes por las juezas Noem\u00ed Marta Berros y Mariela Emilce Rojas, se da tras una solicitud de la Procuradur\u00eda de Narcocriminalidad (PROCUNAR) a cargo de Diego Iglesias y la Fiscal\u00eda Federal de Gualeguaych\u00fa bajo las \u00f3rdenes de Pedro Rebollo.<\/p>\n\n\n\n<p>De acuerdo a fuentes judiciales recabadas por IMPACTO DE NOTICIAS, el plan de Airaldi consist\u00eda en atentar contra la vida del Juez Federal N\u00b0 1 de Paran\u00e1, Leandro R\u00edos; el Fiscal General, Jos\u00e9 Ignacio Candioti; y el Ministro de Justicia y Seguridad de Entre R\u00edos, N\u00e9stor Roncaglia.<\/p>\n\n\n\n<p>La trama delictiva se conoci\u00f3 el viernes 20 de febrero a trav\u00e9s de una denuncia y declaraciones testimoniales de otros internos alojados en la Unidad Penal N\u00b0 9 \u201cEl Potrero\u201d de Gualeguaych\u00fa. En dichas declaraciones, se alert\u00f3 sobre la \u201cpeligrosidad del detenido\u201d, se\u00f1alando sus contactos tanto dentro como fuera de la c\u00e1rcel, adem\u00e1s de sus considerables recursos econ\u00f3micos.<\/p>\n\n\n\n<p>Un allanamiento efectuado en la celda de Airaldi el mismo d\u00eda de la denuncia permiti\u00f3 corroborar su perfil de m\u00e1xima peligrosidad, tras detectarse que el interno contaba con un tel\u00e9fono celular en su lugar de detenci\u00f3n. Para los fiscales, este dispositivo le habr\u00eda permitido coordinar y organizar las maniobras del plan criminal desde el interior del penal.<\/p>\n\n\n\n<p><strong>Traslado al sistema de \u201cAlto Riesgo\u201d<\/strong><\/p>\n\n\n\n<p>Ante la suma gravedad de los hechos, el Tribunal considera que la medida m\u00e1s adecuada es la incorporaci\u00f3n de Airaldi al Sistema Integral de Gesti\u00f3n para Personas Privadas de la Libertad de Alto Riesgo (SIGPPLAD). Este sistema busca evitar que l\u00edderes de organizaciones criminales sigan dirigiendo actividades delictivas, intimiden a funcionarios o entorpezcan investigaciones desde las prisiones.<\/p>\n\n\n\n<p>El tribunal solicit\u00f3 que se eval\u00fae su traslado a una unidad del Servicio Penitenciario Federal, mencion\u00e1ndose la c\u00e1rcel de Ezeiza como posible destino, bajo condiciones de seguridad especiales.<\/p>\n\n\n\n<p>Leonardo Airaldi se encuentra actualmente procesado por organizaci\u00f3n y financiamiento de actividades de narcotr\u00e1fico, as\u00ed como por almacenamiento de estupefacientes. A pesar de los hechos revelados, el cronograma judicial sigue en marcha, el inicio del debate oral y p\u00fablico est\u00e1 fijado para el martes 3 de marzo en la sede del Tribunal en Paran\u00e1.<\/p>\n\n\n\n<p>Las autoridades han destacado la necesidad de resguardar la integridad de los testigos que declararon contra Airaldi, quienes tambi\u00e9n se encuentran alojados en la misma unidad penal. La decisi\u00f3n final sobre su incorporaci\u00f3n al r\u00e9gimen de alto perfil queda en manos del Servicio Penitenciario Federal.<\/p>\n","protected":false},"excerpt":{"rendered":"<p>El Tribunal Oral Federal de Paran&aacute; pidi&oacute; el traslado e ingreso de Leonardo Airaldi al r&eacute;gimen de &ldquo;Alto Perfil&rdquo;, luego del descubrimiento de un presunto plan criminal para asesinar a altos funcionarios judiciales y del gobierno provincial. La resoluci&oacute;n, firmada este martes por las juezas Noem&iacute; Marta Berros y Mariela Emilce Rojas, se da tras [&hellip;]<\/p>\n","protected":false},"author":2,"featured_media":32848,"comment_status":"closed","ping_status":"closed","sticky":false,"template":"","format":"standard","meta":{"footnotes":""},"categories":[90,8,4],"tags":[5456,879,558,2225,6602],"class_list":["post-32963","post","type-post","status-publish","format-standard","has-post-thumbnail","hentry","category-judicial","category-policiales","category-provinciales","tag-criminal","tag-leonardo-airaldi","tag-plan","tag-presunto","tag-servicio-penitenciario-federal"],"_links":{"self":[{"href":"https:\/\/impactodenoticias.com.ar\/index.php?rest_route=\/wp\/v2\/posts\/32963","targetHints":{"allow":["GET"]}}],"collection":[{"href":"https:\/\/impactodenoticias.com.ar\/index.php?rest_route=\/wp\/v2\/posts"}],"about":[{"href":"https:\/\/impactodenoticias.com.ar\/index.php?rest_route=\/wp\/v2\/types\/post"}],"author":[{"embeddable":true,"href":"https:\/\/impactodenoticias.com.ar\/index.php?rest_route=\/wp\/v2\/users\/2"}],"replies":[{"embeddable":true,"href":"https:\/\/impactodenoticias.com.ar\/index.php?rest_route=%2Fwp%2Fv2%2Fcomments&post=32963"}],"version-history":[{"count":1,"href":"https:\/\/impactodenoticias.com.ar\/index.php?rest_route=\/wp\/v2\/posts\/32963\/revisions"}],"predecessor-version":[{"id":32964,"href":"https:\/\/impactodenoticias.com.ar\/index.php?rest_route=\/wp\/v2\/posts\/32963\/revisions\/32964"}],"wp:featuredmedia":[{"embeddable":true,"href":"https:\/\/impactodenoticias.com.ar\/index.php?rest_route=\/wp\/v2\/media\/32848"}],"wp:attachment":[{"href":"https:\/\/impactodenoticias.com.ar\/index.php?rest_route=%2Fwp%2Fv2%2Fmedia&parent=32963"}],"wp:term":[{"taxonomy":"category","embeddable":true,"href":"https:\/\/impactodenoticias.com.ar\/index.php?rest_route=%2Fwp%2Fv2%2Fcategories&post=32963"},{"taxonomy":"post_tag","embeddable":true,"href":"https:\/\/impactodenoticias.com.ar\/index.php?rest_route=%2Fwp%2Fv2%2Ftags&post=32963"}],"curies":[{"name":"wp","href":"https:\/\/api.w.org\/{rel}","templated":true}]}}