{"id":32975,"date":"2026-02-26T08:33:22","date_gmt":"2026-02-26T11:33:22","guid":{"rendered":"https:\/\/impactodenoticias.com.ar\/?p=32975"},"modified":"2026-02-26T08:33:23","modified_gmt":"2026-02-26T11:33:23","slug":"nueva-tragedia-vial-murio-un-joven-de-18-anos-tras-chocar-con-un-auto","status":"publish","type":"post","link":"https:\/\/impactodenoticias.com.ar\/?p=32975","title":{"rendered":"Nueva tragedia vial: muri\u00f3 un joven de 18 a\u00f1os tras chocar con un auto"},"content":{"rendered":"\n<h2 class=\"wp-block-heading\">Un joven oriundo de Tabossi falleci\u00f3 tras protagonizar un choque entre moto y auto en Ruta 32 durante la madrugada de este jueves, a la altura del kil\u00f3metro 41 y medio, en jurisdicci\u00f3n de Viale, departamento Paran\u00e1. El fatal accidente vial se registr\u00f3 aproximadamente a las 4:50.<\/h2>\n\n\n\n<p>Seg\u00fan informacion policial recabada por IMPACTO DE NOTICIAS, el siniestro vial involucr\u00f3 a un autom\u00f3vil Peugeot 307 y una motocicleta Motomel. Por causas que se tratan de establecer, ambos veh\u00edculos colisionaron en Ruta Provincial 32.<\/p>\n\n\n\n<p>El conductor de la motocicleta, un joven de 18 a\u00f1os, falleci\u00f3 en el lugar a ra\u00edz de las graves lesiones sufridas debido a la violencia del impacto. El joven circulaba sin acompa\u00f1antes al momento del siniestro.<\/p>\n\n\n\n<p>Mientras que el autom\u00f3vil era conducido por un hombre de 52 a\u00f1os de Hasenkamp, quien tampoco llevaba acompa\u00f1antes. Si bien no presentaba lesiones visibles, fue trasladado al Hospital de Viale para una evaluaci\u00f3n m\u00e9dica preventiva.<\/p>\n\n\n\n<p>En el lugar trabaj\u00f3 personal policial de Comisar\u00eda Viale, que desarroll\u00f3 las actuaciones correspondientes y dio intervenci\u00f3n a la Fiscal\u00eda en turno para avanzar con las pericias que permitan determinar la mec\u00e1nica del hecho.<\/p>\n","protected":false},"excerpt":{"rendered":"<p>Un joven oriundo de Tabossi falleci&oacute; tras protagonizar un choque entre moto y auto en Ruta 32 durante la madrugada de este jueves, a la altura del kil&oacute;metro 41 y medio, en jurisdicci&oacute;n de Viale, departamento Paran&aacute;. El fatal accidente vial se registr&oacute; aproximadamente a las 4:50. Seg&uacute;n informacion policial recabada por IMPACTO DE NOTICIAS, [&hellip;]<\/p>\n","protected":false},"author":2,"featured_media":32976,"comment_status":"closed","ping_status":"closed","sticky":false,"template":"","format":"standard","meta":{"footnotes":""},"categories":[8,4],"tags":[120,119,1477],"class_list":["post-32975","post","type-post","status-publish","format-standard","has-post-thumbnail","hentry","category-policiales","category-provinciales","tag-accidente","tag-fatal","tag-ruta-32"],"_links":{"self":[{"href":"https:\/\/impactodenoticias.com.ar\/index.php?rest_route=\/wp\/v2\/posts\/32975","targetHints":{"allow":["GET"]}}],"collection":[{"href":"https:\/\/impactodenoticias.com.ar\/index.php?rest_route=\/wp\/v2\/posts"}],"about":[{"href":"https:\/\/impactodenoticias.com.ar\/index.php?rest_route=\/wp\/v2\/types\/post"}],"author":[{"embeddable":true,"href":"https:\/\/impactodenoticias.com.ar\/index.php?rest_route=\/wp\/v2\/users\/2"}],"replies":[{"embeddable":true,"href":"https:\/\/impactodenoticias.com.ar\/index.php?rest_route=%2Fwp%2Fv2%2Fcomments&post=32975"}],"version-history":[{"count":1,"href":"https:\/\/impactodenoticias.com.ar\/index.php?rest_route=\/wp\/v2\/posts\/32975\/revisions"}],"predecessor-version":[{"id":32977,"href":"https:\/\/impactodenoticias.com.ar\/index.php?rest_route=\/wp\/v2\/posts\/32975\/revisions\/32977"}],"wp:featuredmedia":[{"embeddable":true,"href":"https:\/\/impactodenoticias.com.ar\/index.php?rest_route=\/wp\/v2\/media\/32976"}],"wp:attachment":[{"href":"https:\/\/impactodenoticias.com.ar\/index.php?rest_route=%2Fwp%2Fv2%2Fmedia&parent=32975"}],"wp:term":[{"taxonomy":"category","embeddable":true,"href":"https:\/\/impactodenoticias.com.ar\/index.php?rest_route=%2Fwp%2Fv2%2Fcategories&post=32975"},{"taxonomy":"post_tag","embeddable":true,"href":"https:\/\/impactodenoticias.com.ar\/index.php?rest_route=%2Fwp%2Fv2%2Ftags&post=32975"}],"curies":[{"name":"wp","href":"https:\/\/api.w.org\/{rel}","templated":true}]}}