{"id":32981,"date":"2026-02-26T08:43:01","date_gmt":"2026-02-26T11:43:01","guid":{"rendered":"https:\/\/impactodenoticias.com.ar\/?p=32981"},"modified":"2026-02-26T08:43:02","modified_gmt":"2026-02-26T11:43:02","slug":"gualeguaychu-buscan-intensamente-a-un-pescador-que-cayo-en-el-rio","status":"publish","type":"post","link":"https:\/\/impactodenoticias.com.ar\/?p=32981","title":{"rendered":"Gualeguaych\u00fa: buscan intensamente a un pescador que cay\u00f3 en el r\u00edo"},"content":{"rendered":"\n<h2 class=\"wp-block-heading\">Un pescador artesanal oriundo de Gualeguaych\u00fa es buscado tras desaparecer este mi\u00e9rcoles por la ma\u00f1ana en aguas del r\u00edo Uruguay, espec\u00edficamente a la altura del kil\u00f3metro 58.<\/h2>\n\n\n\n<p>El hombre -de unos 50 a\u00f1os- sali\u00f3 aproximadamente a las 8 a recorrer las mallas, una tarea habitual en su jornada de trabajo. Pero, al no regresar en el horario previsto, sus compa\u00f1eros comenzaron a preocuparse y decidieron salir en su b\u00fasqueda.<\/p>\n\n\n\n<p>Poco m\u00e1s tarde, hallaron el bote dado vuelta en el agua, sin rastros del pescador, lo que gener\u00f3 alarmas entre sus compa\u00f1eros y motiv\u00f3 la inmediata intervenci\u00f3n de la Prefectura Naval Argentina. Del operativo participan efectivos de la delegaci\u00f3n de Gualeguaych\u00fa y de Concepci\u00f3n del Uruguay.<\/p>\n\n\n\n<p>Las condiciones de clima complicaron las tareas de b\u00fasqueda durante toda la jornada. Este mi\u00e9rcoles se registraron fuertes vientos en la zona del r\u00edo, lo que dificult\u00f3 la navegaci\u00f3n y los rastrillajes por parte del personal de Prefectura.<\/p>\n\n\n\n<p>Luego de la suspensi\u00f3n de las tareas por la falta de luz natural y las adversas condiciones clim\u00e1icas, la b\u00fasqueda se reanudar\u00eda al amanecer de este jueves con la esperanza de tener resultado positivo.<\/p>\n","protected":false},"excerpt":{"rendered":"<p>Un pescador artesanal oriundo de Gualeguaych&uacute; es buscado tras desaparecer este mi&eacute;rcoles por la ma&ntilde;ana en aguas del r&iacute;o Uruguay, espec&iacute;ficamente a la altura del kil&oacute;metro 58. El hombre -de unos 50 a&ntilde;os- sali&oacute; aproximadamente a las 8 a recorrer las mallas, una tarea habitual en su jornada de trabajo. Pero, al no regresar en [&hellip;]<\/p>\n","protected":false},"author":2,"featured_media":32982,"comment_status":"closed","ping_status":"closed","sticky":false,"template":"","format":"standard","meta":{"footnotes":""},"categories":[8,4],"tags":[6608,251,280,1974],"class_list":["post-32981","post","type-post","status-publish","format-standard","has-post-thumbnail","hentry","category-policiales","category-provinciales","tag-artesanal","tag-busqueda","tag-gualeguaychu","tag-pescador"],"_links":{"self":[{"href":"https:\/\/impactodenoticias.com.ar\/index.php?rest_route=\/wp\/v2\/posts\/32981","targetHints":{"allow":["GET"]}}],"collection":[{"href":"https:\/\/impactodenoticias.com.ar\/index.php?rest_route=\/wp\/v2\/posts"}],"about":[{"href":"https:\/\/impactodenoticias.com.ar\/index.php?rest_route=\/wp\/v2\/types\/post"}],"author":[{"embeddable":true,"href":"https:\/\/impactodenoticias.com.ar\/index.php?rest_route=\/wp\/v2\/users\/2"}],"replies":[{"embeddable":true,"href":"https:\/\/impactodenoticias.com.ar\/index.php?rest_route=%2Fwp%2Fv2%2Fcomments&post=32981"}],"version-history":[{"count":1,"href":"https:\/\/impactodenoticias.com.ar\/index.php?rest_route=\/wp\/v2\/posts\/32981\/revisions"}],"predecessor-version":[{"id":32983,"href":"https:\/\/impactodenoticias.com.ar\/index.php?rest_route=\/wp\/v2\/posts\/32981\/revisions\/32983"}],"wp:featuredmedia":[{"embeddable":true,"href":"https:\/\/impactodenoticias.com.ar\/index.php?rest_route=\/wp\/v2\/media\/32982"}],"wp:attachment":[{"href":"https:\/\/impactodenoticias.com.ar\/index.php?rest_route=%2Fwp%2Fv2%2Fmedia&parent=32981"}],"wp:term":[{"taxonomy":"category","embeddable":true,"href":"https:\/\/impactodenoticias.com.ar\/index.php?rest_route=%2Fwp%2Fv2%2Fcategories&post=32981"},{"taxonomy":"post_tag","embeddable":true,"href":"https:\/\/impactodenoticias.com.ar\/index.php?rest_route=%2Fwp%2Fv2%2Ftags&post=32981"}],"curies":[{"name":"wp","href":"https:\/\/api.w.org\/{rel}","templated":true}]}}