{"id":32994,"date":"2026-02-27T07:00:53","date_gmt":"2026-02-27T10:00:53","guid":{"rendered":"https:\/\/impactodenoticias.com.ar\/?p=32994"},"modified":"2026-02-27T07:00:53","modified_gmt":"2026-02-27T10:00:53","slug":"urdinarrain-la-justicia-investiga-si-fue-intencional-el-incendio-en-la-planta-de-residuos","status":"publish","type":"post","link":"https:\/\/impactodenoticias.com.ar\/?p=32994","title":{"rendered":"Urdinarrain: la Justicia investiga si fue intencional el incendio en la planta de residuos"},"content":{"rendered":"\n<h2 class=\"wp-block-heading\">El fiscal a cargo de la causa que investiga el incendio en la planta de residuos de Urdinarrain, Lucas Pascual, dio detalles sobre los avances en la investigaci\u00f3n del siniestro que gener\u00f3 da\u00f1os superiores a los 400 millones de pesos.<\/h2>\n\n\n\n<p>El voraz incendio que destruy\u00f3 casi por completo la planta de tratamiento de residuos de Urdinarrain se registr\u00f3 el pasado 4 de febrero.<\/p>\n\n\n\n<p>En declaraciones radiales, el fiscal confirm\u00f3 que existen indicios s\u00f3lidos que apuntan a la presencia de personas en el lugar justo antes del inicio del foco \u00edgneo.<\/p>\n\n\n\n<p><strong>C\u00e1maras y allanamientos<\/strong><\/p>\n\n\n\n<p>A pesar de que las c\u00e1maras de seguridad internas de la planta fueron destruidas por las altas temperaturas, el relevamiento de dispositivos en zonas aleda\u00f1as, como el Club de Planeadores, logr\u00f3 identificar un veh\u00edculo sospechoso: \u201cSe observa un veh\u00edculo determinado y las personas estaban al inicio del foco \u00edgneo. Por la distancia se ven dos siluetas\u201d, destac\u00f3 el fiscal.<\/p>\n\n\n\n<p>Tras este hallazgo, la justicia orden\u00f3 un allanamiento en el que se secuestr\u00f3 el rodado, un bid\u00f3n con olor a combustible y el tel\u00e9fono celular del propietario.<\/p>\n\n\n\n<p>Una de las mayores inc\u00f3gnitas es si el incendio fue provocado con la intenci\u00f3n de causar da\u00f1o o si fue producto de una negligencia. Sobre esto dijo: \u201cCambia dr\u00e1sticamente la figura penal\u201d, indic\u00f3 Pascual.<\/p>\n\n\n\n<p>Mientras que un incendio doloso (intencional) prev\u00e9 penas de 3 a 10 a\u00f1os de prisi\u00f3n, uno culposo (por negligencia) reduce la m\u00ednima a apenas un mes.<\/p>\n\n\n\n<p>Sin embargo, el fiscal destac\u00f3 que las personas presentes no pudieron haber ignorado el inicio del fuego y que un llamado a tiempo a los bomberos habr\u00eda evitado las p\u00e9rdidas millonarias.<\/p>\n\n\n\n<p>El futuro de la causa depende ahora de la tecnolog\u00eda. Debido a la falta de un gabinete de inform\u00e1tica forense en la jurisdicci\u00f3n local, el tel\u00e9fono celular secuestrado fue enviado a la ciudad de Paran\u00e1 para su apertura y an\u00e1lisis. Los investigadores buscan dos datos fundamentales, como la Geolocalizaci\u00f3n y confirmar si el dispositivo estuvo en el radio exacto de la planta al momento del siniestro, entre otras investigaciones.<\/p>\n","protected":false},"excerpt":{"rendered":"<p>El fiscal a cargo de la causa que investiga el incendio en la planta de residuos de Urdinarrain, Lucas Pascual, dio detalles sobre los avances en la investigaci&oacute;n del siniestro que gener&oacute; da&ntilde;os superiores a los 400 millones de pesos. El voraz incendio que destruy&oacute; casi por completo la planta de tratamiento de residuos de [&hellip;]<\/p>\n","protected":false},"author":2,"featured_media":32995,"comment_status":"closed","ping_status":"closed","sticky":false,"template":"","format":"standard","meta":{"footnotes":""},"categories":[90,8,4],"tags":[227,107,2343,1310,1221],"class_list":["post-32994","post","type-post","status-publish","format-standard","has-post-thumbnail","hentry","category-judicial","category-policiales","category-provinciales","tag-incendio","tag-justicia","tag-planta","tag-residuos","tag-urdinarrain"],"_links":{"self":[{"href":"https:\/\/impactodenoticias.com.ar\/index.php?rest_route=\/wp\/v2\/posts\/32994","targetHints":{"allow":["GET"]}}],"collection":[{"href":"https:\/\/impactodenoticias.com.ar\/index.php?rest_route=\/wp\/v2\/posts"}],"about":[{"href":"https:\/\/impactodenoticias.com.ar\/index.php?rest_route=\/wp\/v2\/types\/post"}],"author":[{"embeddable":true,"href":"https:\/\/impactodenoticias.com.ar\/index.php?rest_route=\/wp\/v2\/users\/2"}],"replies":[{"embeddable":true,"href":"https:\/\/impactodenoticias.com.ar\/index.php?rest_route=%2Fwp%2Fv2%2Fcomments&post=32994"}],"version-history":[{"count":1,"href":"https:\/\/impactodenoticias.com.ar\/index.php?rest_route=\/wp\/v2\/posts\/32994\/revisions"}],"predecessor-version":[{"id":32996,"href":"https:\/\/impactodenoticias.com.ar\/index.php?rest_route=\/wp\/v2\/posts\/32994\/revisions\/32996"}],"wp:featuredmedia":[{"embeddable":true,"href":"https:\/\/impactodenoticias.com.ar\/index.php?rest_route=\/wp\/v2\/media\/32995"}],"wp:attachment":[{"href":"https:\/\/impactodenoticias.com.ar\/index.php?rest_route=%2Fwp%2Fv2%2Fmedia&parent=32994"}],"wp:term":[{"taxonomy":"category","embeddable":true,"href":"https:\/\/impactodenoticias.com.ar\/index.php?rest_route=%2Fwp%2Fv2%2Fcategories&post=32994"},{"taxonomy":"post_tag","embeddable":true,"href":"https:\/\/impactodenoticias.com.ar\/index.php?rest_route=%2Fwp%2Fv2%2Ftags&post=32994"}],"curies":[{"name":"wp","href":"https:\/\/api.w.org\/{rel}","templated":true}]}}