{"id":32997,"date":"2026-02-27T07:06:09","date_gmt":"2026-02-27T10:06:09","guid":{"rendered":"https:\/\/impactodenoticias.com.ar\/?p=32997"},"modified":"2026-02-27T07:06:09","modified_gmt":"2026-02-27T10:06:09","slug":"sauce-montrull-un-dominicado-fue-identificado-tras-un-violento-asalto-a-un-deposito-de-garrafas-en-ruta-12","status":"publish","type":"post","link":"https:\/\/impactodenoticias.com.ar\/?p=32997","title":{"rendered":"Sauce Montrull: un dominicado fue identificado tras un violento asalto a un dep\u00f3sito de garrafas en ruta 12"},"content":{"rendered":"\n<h2 class=\"wp-block-heading\">La Polic\u00eda de Entre R\u00edos avanz\u00f3 significativamente en la investigaci\u00f3n de un grave hecho que se registr\u00f3 a principios de febrero en cercan\u00edas de Sauce Montrull, cuando tres personas armadas redujeron, maniataron y despojaron de dinero a un hombre en un dep\u00f3sito de garrafas ubicado sobre la Ruta Nacional N\u00b0 12.<\/h2>\n\n\n\n<p>Luego de tomar conocimiento del robo calificado con uso de arma de fuego y privaci\u00f3n ileg\u00edtima de la libertad, distintas \u00e1reas de la fuerza se hicieron presentes en el lugar para realizar las primeras diligencias.<\/p>\n\n\n\n<p>Con el avance de la investigaci\u00f3n, y tras el an\u00e1lisis de registros f\u00edlmicos, se estableci\u00f3 la participaci\u00f3n de tres individuos que se movilizaban en una camioneta Toyota Hilux radicada en la provincia de Buenos Aires. A trav\u00e9s de tareas inform\u00e1ticas y de campo, se logr\u00f3 identificar al posible conductor del rodado.<\/p>\n\n\n\n<p>Con la autorizaci\u00f3n del Juzgado de Garant\u00edas y la Unidad Fiscal de Atenci\u00f3n Primaria de Paran\u00e1, una comisi\u00f3n de la Divisi\u00f3n Robos y Hurtos \u2014dependiente de la Direcci\u00f3n General de Investigaciones e Inteligencia Criminal\u2014 viaj\u00f3 a Buenos Aires para continuar con las pesquisas.<\/p>\n\n\n\n<p>En los relevamientos, los efectivos localizaron en la v\u00eda p\u00fablica el veh\u00edculo en cuesti\u00f3n, el cual ten\u00eda pedido de secuestro solicitado por la justicia entrerriana.<\/p>\n\n\n\n<p><\/p>\n\n\n\n<figure class=\"wp-block-image size-full\"><img loading=\"lazy\" decoding=\"async\" width=\"755\" height=\"1024\" src=\"https:\/\/impactodenoticias.com.ar\/wp-content\/uploads\/2026\/02\/Asalto-Ruta-12-Deposito-Garrafas-Dominicano-1-1.jpg\" alt=\"\" class=\"wp-image-33000\" srcset=\"https:\/\/impactodenoticias.com.ar\/wp-content\/uploads\/2026\/02\/Asalto-Ruta-12-Deposito-Garrafas-Dominicano-1-1.jpg 755w, https:\/\/impactodenoticias.com.ar\/wp-content\/uploads\/2026\/02\/Asalto-Ruta-12-Deposito-Garrafas-Dominicano-1-1-221x300.jpg 221w\" sizes=\"auto, (max-width: 755px) 100vw, 755px\" \/><\/figure>\n\n\n\n<p><\/p>\n\n\n\n<p>Con colaboraci\u00f3n de la Comisar\u00eda 6B de la Polic\u00eda bonaerense, se identific\u00f3 a un hombre de nacionalidad dominicana y se secuestr\u00f3 de la camioneta. Si bien la persona identificada no ser\u00eda el principal investigado, los investigadores no descartan su participaci\u00f3n en el hecho.<\/p>\n\n\n\n<p>La causa contin\u00faa en investigaci\u00f3n, mientras la Polic\u00eda de Entre R\u00edos avanza en la identificaci\u00f3n de los responsables de este violento asalto.<\/p>\n","protected":false},"excerpt":{"rendered":"<p>La Polic&iacute;a de Entre R&iacute;os avanz&oacute; significativamente en la investigaci&oacute;n de un grave hecho que se registr&oacute; a principios de febrero en cercan&iacute;as de Sauce Montrull, cuando tres personas armadas redujeron, maniataron y despojaron de dinero a un hombre en un dep&oacute;sito de garrafas ubicado sobre la Ruta Nacional N&deg; 12. Luego de tomar conocimiento [&hellip;]<\/p>\n","protected":false},"author":2,"featured_media":32998,"comment_status":"closed","ping_status":"closed","sticky":false,"template":"","format":"standard","meta":{"footnotes":""},"categories":[90,3,8],"tags":[1144,6611,6613,6612,5857],"class_list":["post-32997","post","type-post","status-publish","format-standard","has-post-thumbnail","hentry","category-judicial","category-locales","category-policiales","tag-asalto","tag-deposito","tag-dominicano","tag-garrafas","tag-sauce-montrull"],"_links":{"self":[{"href":"https:\/\/impactodenoticias.com.ar\/index.php?rest_route=\/wp\/v2\/posts\/32997","targetHints":{"allow":["GET"]}}],"collection":[{"href":"https:\/\/impactodenoticias.com.ar\/index.php?rest_route=\/wp\/v2\/posts"}],"about":[{"href":"https:\/\/impactodenoticias.com.ar\/index.php?rest_route=\/wp\/v2\/types\/post"}],"author":[{"embeddable":true,"href":"https:\/\/impactodenoticias.com.ar\/index.php?rest_route=\/wp\/v2\/users\/2"}],"replies":[{"embeddable":true,"href":"https:\/\/impactodenoticias.com.ar\/index.php?rest_route=%2Fwp%2Fv2%2Fcomments&post=32997"}],"version-history":[{"count":1,"href":"https:\/\/impactodenoticias.com.ar\/index.php?rest_route=\/wp\/v2\/posts\/32997\/revisions"}],"predecessor-version":[{"id":33001,"href":"https:\/\/impactodenoticias.com.ar\/index.php?rest_route=\/wp\/v2\/posts\/32997\/revisions\/33001"}],"wp:featuredmedia":[{"embeddable":true,"href":"https:\/\/impactodenoticias.com.ar\/index.php?rest_route=\/wp\/v2\/media\/32998"}],"wp:attachment":[{"href":"https:\/\/impactodenoticias.com.ar\/index.php?rest_route=%2Fwp%2Fv2%2Fmedia&parent=32997"}],"wp:term":[{"taxonomy":"category","embeddable":true,"href":"https:\/\/impactodenoticias.com.ar\/index.php?rest_route=%2Fwp%2Fv2%2Fcategories&post=32997"},{"taxonomy":"post_tag","embeddable":true,"href":"https:\/\/impactodenoticias.com.ar\/index.php?rest_route=%2Fwp%2Fv2%2Ftags&post=32997"}],"curies":[{"name":"wp","href":"https:\/\/api.w.org\/{rel}","templated":true}]}}