{"id":33005,"date":"2026-02-27T07:20:32","date_gmt":"2026-02-27T10:20:32","guid":{"rendered":"https:\/\/impactodenoticias.com.ar\/?p=33005"},"modified":"2026-03-01T09:17:11","modified_gmt":"2026-03-01T12:17:11","slug":"reforma-a-la-ley-de-glaciares-como-la-propuesta-del-gobierno-de-milei-amenaza-el-agua-el-clima-y-el-ambiente-en-argentina","status":"publish","type":"post","link":"https:\/\/impactodenoticias.com.ar\/?p=33005","title":{"rendered":"Reforma a la Ley de Glaciares: c\u00f3mo la propuesta del gobierno de Milei amenaza el agua, el clima y el ambiente en Argentina"},"content":{"rendered":"\n<h2 class=\"wp-block-heading\"><strong>La iniciativa del gobierno de Javier Milei para modificar la Ley de Glaciares genera alarma en cient\u00edficos, ambientalistas y economistas: aflojar las protecciones a glaciares y \u00e1reas periglaciares podr\u00eda poner en peligro el suministro de agua, la biodiversidad y la seguridad h\u00eddrica argentina, con costos ambientales y sociales de largo plazo.<\/strong><\/h2>\n\n\n\n<p><strong>Por Redacci\u00f3n Impacto de Noticias<\/strong><\/p>\n\n\n\n<p>La discusi\u00f3n sobre la <strong>reforma de la Ley de Glaciares en Argentina<\/strong> volvi\u00f3 al centro del debate nacional. El proyecto impulsado por el gobierno de Javier Milei propone cambios que, seg\u00fan especialistas, podr\u00edan debilitar la protecci\u00f3n de los glaciares y las zonas periglaciares. Estas zonas son esenciales para el <strong>agua potable<\/strong>, la agricultura, la generaci\u00f3n energ\u00e9tica y el equilibrio clim\u00e1tico local. Voces del campo cient\u00edfico advierten que la reforma podr\u00eda significar un retroceso grave en materia de <strong>conservaci\u00f3n ambiental<\/strong> y gesti\u00f3n responsable de recursos naturales.<\/p>\n\n\n\n<p><strong>Qu\u00e9 protege la Ley de Glaciares vigente<\/strong><\/p>\n\n\n\n<p>La Ley 26.639 de protecci\u00f3n de glaciares y ambientes periglaciares fue sancionada en 2010 con el objetivo de:<\/p>\n\n\n\n<p>Preservar los glaciares como reservas estrat\u00e9gicas de agua dulce.<\/p>\n\n\n\n<p>Evitar que actividades humanas sin controles t\u00e9cnicos afecten estos cuerpos de hielo.<\/p>\n\n\n\n<p>Obligar a estudios de impacto ambiental rigurosos antes de intervenir en zonas de monta\u00f1a.<\/p>\n\n\n\n<p>Establecer inventarios cient\u00edficos y monitoreo constante.<\/p>\n\n\n\n<p>Los glaciares y \u00e1reas periglaciares aportan agua en per\u00edodos secos, sostienen cuencas h\u00eddricas clave y regulan microclimas en regiones altoandinas.<\/p>\n\n\n\n<p>Qu\u00e9 propone la reforma de Milei y por qu\u00e9 preocupa<\/p>\n\n\n\n<p><strong>La iniciativa oficial plantea:<\/strong><\/p>\n\n\n\n<p>Redefinir qu\u00e9 es un \u201cglaciar\u201d y qu\u00e9 es una zona \u201cperiglacial\u201d, con criterios m\u00e1s flexibles.<\/p>\n\n\n\n<p>Facilitar permisos para actividades extractivas (como miner\u00eda y obras civiles) en \u00e1reas antes protegidas.<\/p>\n\n\n\n<p>Reducir requisitos de evaluaci\u00f3n ambiental.<\/p>\n\n\n\n<p>Transferir competencias t\u00e9cnicas a organismos con menor independencia y capacidad t\u00e9cnica.<\/p>\n\n\n\n<p>Debilitamiento de protecciones ambientales<\/p>\n\n\n\n<p>Expertos se\u00f1alan que estos cambios podr\u00edan:<\/p>\n\n\n\n<p>Excluir \u00e1reas cr\u00edticamente importantes del r\u00e9gimen de protecci\u00f3n actual.<\/p>\n\n\n\n<p>Permitir intervenci\u00f3n humana sin evaluaci\u00f3n ambiental adecuada.<\/p>\n\n\n\n<p>Abrir la puerta a actividades econ\u00f3micas en zonas fr\u00e1giles sin salvaguardas.<\/p>\n\n\n\n<p>Estas modificaciones tambi\u00e9n podr\u00edan disuadir inversiones responsables, pues la inseguridad jur\u00eddica ambiental tiende a aumentar riesgos para industrias que requieren estabilidad normativa.<\/p>\n\n\n\n<p><strong>Impactos potenciales de la reforma en agua y clima<\/strong><\/p>\n\n\n\n<ol class=\"wp-block-list\">\n<li>P\u00e9rdida y degradaci\u00f3n de recursos h\u00eddricos<\/li>\n<\/ol>\n\n\n\n<p>Los glaciares act\u00faan como reservorios naturales, liberando agua durante per\u00edodos secos. Su alteraci\u00f3n puede:<\/p>\n\n\n\n<p>Reducir disponibilidad de agua en ciudades y regiones rurales.<\/p>\n\n\n\n<p>Afectar sistemas de riego agr\u00edcola.<\/p>\n\n\n\n<p>Disminuir caudales de r\u00edos en \u00e9pocas cr\u00edticas.<\/p>\n\n\n\n<ol start=\"2\" class=\"wp-block-list\">\n<li>Mayor vulnerabilidad al cambio clim\u00e1tico<\/li>\n<\/ol>\n\n\n\n<p><strong>En un contexto de calentamiento global, el retroceso de glaciares es un fen\u00f3meno acelerado. Relajar normas de protecci\u00f3n:<\/strong><\/p>\n\n\n\n<p>Aumenta el riesgo de degradaci\u00f3n irreversible.<\/p>\n\n\n\n<p>Compromete la resiliencia de cuencas h\u00eddricas.<\/p>\n\n\n\n<p>Agrava la variabilidad clim\u00e1tica local y regional.<\/p>\n\n\n\n<ol start=\"3\" class=\"wp-block-list\">\n<li>Riesgos para comunidades y ecosistemas<\/li>\n<\/ol>\n\n\n\n<p>La gesti\u00f3n deficiente de zonas de monta\u00f1a puede:<\/p>\n\n\n\n<p>Generar conflictos socioambientales en regiones andinas.<\/p>\n\n\n\n<p>Traer contaminaci\u00f3n de suelos y fuentes de agua por falta de controles.<\/p>\n\n\n\n<p>Afectar modos de vida tradicionales y econom\u00edas locales.<\/p>\n\n\n\n<p><strong>Cr\u00edticas t\u00e9cnicas de la comunidad cient\u00edfica<\/strong><\/p>\n\n\n\n<p>Instituciones cient\u00edficas y expertos en recursos h\u00eddricos han se\u00f1alado que:<\/p>\n\n\n\n<p>Las nuevas definiciones no se basan en consensos t\u00e9cnicos s\u00f3lidos.<\/p>\n\n\n\n<p>Los estudios de impacto ambiental propuestos son insuficientes para entender efectos complejos.<\/p>\n\n\n\n<p>La participaci\u00f3n independiente y el monitoreo riguroso son reemplazados por mecanismos m\u00e1s d\u00e9biles.<\/p>\n\n\n\n<p>Esta cr\u00edtica se apoya en d\u00e9cadas de an\u00e1lisis sobre la fragilidad de los sistemas glaciares y su importancia estrat\u00e9gica.<\/p>\n\n\n\n<p><strong>Comparaci\u00f3n internacional y tendencias ambientales<\/strong><\/p>\n\n\n\n<p>En muchos pa\u00edses con glaciares \u2014como Chile, Per\u00fa y Suiza\u2014 la tendencia en las \u00faltimas d\u00e9cadas ha sido fortalecer la protecci\u00f3n, no debilitarla, frente a la evidencia de que la p\u00e9rdida de hielo tiene impactos econ\u00f3micos y sociales significativos.<\/p>\n\n\n\n<p>La reforma propuesta en Argentina contrasta con estas experiencias y genera preguntas sobre c\u00f3mo el pa\u00eds est\u00e1 priorizando el uso sostenible de sus recursos naturales a largo plazo.<\/p>\n\n\n\n<p>La reforma de la Ley de Glaciares en Argentina, tal como est\u00e1 planteada, representa un debate clave sobre desarrollo y conservaci\u00f3n. Aunque sus promotores argumentan beneficios econ\u00f3micos, m\u00faltiples voces t\u00e9cnicas advierten que la p\u00e9rdida de protecciones puede tener consecuencias duraderas para el agua, el clima y la estabilidad ecol\u00f3gica del pa\u00eds. El desaf\u00edo para la sociedad y sus representantes es encontrar un equilibrio informado por evidencia cient\u00edfica, salvaguardando recursos estrat\u00e9gicos que no pueden ser reemplazados una vez degradados.<\/p>\n","protected":false},"excerpt":{"rendered":"<p>La iniciativa del gobierno de Javier Milei para modificar la Ley de Glaciares genera alarma en cient&iacute;ficos, ambientalistas y economistas: aflojar las protecciones a glaciares y &aacute;reas periglaciares podr&iacute;a poner en peligro el suministro de agua, la biodiversidad y la seguridad h&iacute;drica argentina, con costos ambientales y sociales de largo plazo. Por Redacci&oacute;n Impacto de [&hellip;]<\/p>\n","protected":false},"author":2,"featured_media":33006,"comment_status":"closed","ping_status":"closed","sticky":false,"template":"","format":"standard","meta":{"footnotes":""},"categories":[10,11,49],"tags":[212,6614,2209],"class_list":["post-33005","post","type-post","status-publish","format-standard","has-post-thumbnail","hentry","category-nacionales","category-politica","category-sociedad","tag-javier-milei","tag-ley-de-glaciares","tag-polemica"],"_links":{"self":[{"href":"https:\/\/impactodenoticias.com.ar\/index.php?rest_route=\/wp\/v2\/posts\/33005","targetHints":{"allow":["GET"]}}],"collection":[{"href":"https:\/\/impactodenoticias.com.ar\/index.php?rest_route=\/wp\/v2\/posts"}],"about":[{"href":"https:\/\/impactodenoticias.com.ar\/index.php?rest_route=\/wp\/v2\/types\/post"}],"author":[{"embeddable":true,"href":"https:\/\/impactodenoticias.com.ar\/index.php?rest_route=\/wp\/v2\/users\/2"}],"replies":[{"embeddable":true,"href":"https:\/\/impactodenoticias.com.ar\/index.php?rest_route=%2Fwp%2Fv2%2Fcomments&post=33005"}],"version-history":[{"count":1,"href":"https:\/\/impactodenoticias.com.ar\/index.php?rest_route=\/wp\/v2\/posts\/33005\/revisions"}],"predecessor-version":[{"id":33007,"href":"https:\/\/impactodenoticias.com.ar\/index.php?rest_route=\/wp\/v2\/posts\/33005\/revisions\/33007"}],"wp:featuredmedia":[{"embeddable":true,"href":"https:\/\/impactodenoticias.com.ar\/index.php?rest_route=\/wp\/v2\/media\/33006"}],"wp:attachment":[{"href":"https:\/\/impactodenoticias.com.ar\/index.php?rest_route=%2Fwp%2Fv2%2Fmedia&parent=33005"}],"wp:term":[{"taxonomy":"category","embeddable":true,"href":"https:\/\/impactodenoticias.com.ar\/index.php?rest_route=%2Fwp%2Fv2%2Fcategories&post=33005"},{"taxonomy":"post_tag","embeddable":true,"href":"https:\/\/impactodenoticias.com.ar\/index.php?rest_route=%2Fwp%2Fv2%2Ftags&post=33005"}],"curies":[{"name":"wp","href":"https:\/\/api.w.org\/{rel}","templated":true}]}}