{"id":33014,"date":"2026-02-27T16:03:24","date_gmt":"2026-02-27T19:03:24","guid":{"rendered":"https:\/\/impactodenoticias.com.ar\/?p=33014"},"modified":"2026-03-01T09:17:24","modified_gmt":"2026-03-01T12:17:24","slug":"airaldi-a-ezeiza-la-justicia-federal-dispuso-el-traslado-bajo-estrictas-medidas-de-seguridad","status":"publish","type":"post","link":"https:\/\/impactodenoticias.com.ar\/?p=33014","title":{"rendered":"Airaldi a Ezeiza: la Justicia Federal dispuso el traslado bajo estrictas medidas de seguridad"},"content":{"rendered":"\n<h2 class=\"wp-block-heading\">El Tribunal Oral Federal (TOF) de Paran\u00e1 resolvi\u00f3 este viernes el futuro inmediato de Leonardo Roberto Airaldi, el exdirigente de la Sociedad Rural de Diamante acusado de liderar una extensa red narcocriminal.<\/h2>\n\n\n\n<p>A trav\u00e9s de una resoluci\u00f3n dictaminada hoy en el marco del legajo de actuaciones complementarias (Expediente FPA 008194\/2019), la Justicia determin\u00f3 las pautas para su traslado y condiciones de detenci\u00f3n, tras el esc\u00e1ndalo desatado por el presunto plan para contratar sicarios internacionales.<\/p>\n\n\n\n<p>La medida judicial, firmada en la previa del inicio del debate oral previsto para el pr\u00f3ximo martes 3 de marzo, dirime las fuertes tensiones entre la fiscal\u00eda y la defensa. Cabe se\u00f1alar que el Ministerio P\u00fablico Fiscal hab\u00eda exigido que Airaldi sea calificado como \u201cpreso de alto riesgo\u201d y pidi\u00f3 su derivaci\u00f3n urgente al Complejo Penitenciario Federal I de Ezeiza. En respuesta, su abogada defensora hab\u00eda presentado un h\u00e1beas corpus preventivo para frenar dicha reubicaci\u00f3n, argumentando que implicaba un \u201cagravamiento ileg\u00edtimo de las condiciones de detenci\u00f3n\u201d y afectaba su derecho a defensa.<\/p>\n\n\n\n<p>El productor agropecuario, bautizado medi\u00e1ticamente como el \u201cGaucho narco\u201d, se encontraba aislado en la Unidad Penal N\u00b0 9 de Gualeguaych\u00fa. Su figura cobr\u00f3 un peso de extrema gravedad institucional esta semana, despu\u00e9s que se revelara el testimonio de un informante sobre un presunto complot mafioso que involucraba el pago de 40.000 d\u00f3lares a sicarios uruguayos. El objetivo del ataque apuntaba directamente contra las m\u00e1ximas autoridades que lo investigan: el ministro de Seguridad y Justicia de Entre R\u00edos, N\u00e9stor Roncaglia; el juez federal Leandro R\u00edos, y el fiscal Jos\u00e9 Ignacio Candioti.<\/p>\n\n\n\n<p>Con la sentencia emitida este 27 de febrero, el TOF de Paran\u00e1 busca garantizar la integridad f\u00edsica de los testigos y asegurar el normal desenvolvimiento del juicio. Durante el proceso judicial que se debatir\u00e1, se unificar\u00e1n las causas por organizaci\u00f3n y financiamiento del narcotr\u00e1fico en la regi\u00f3n, sumado al expediente originado luego del hallazgo de casi 30 kilos de coca\u00edna ocultos en una estancia en Puerto Gaboto (Santa Fe), propiedad atribuida al imputado.<\/p>\n\n\n\n<p>Desde el Ministerio de Seguridad anticiparon que el traslado de Airaldi y sus 13 presuntos c\u00f3mplices hacia los tribunales contar\u00e1 con un operativo de custodia sin precedentes en la capital entrerriana, blindando los alrededores de la sala de audiencias ante posibles amenazas de la banda criminal.<\/p>\n","protected":false},"excerpt":{"rendered":"<p>El Tribunal Oral Federal (TOF) de Paran&aacute; resolvi&oacute; este viernes el futuro inmediato de Leonardo Roberto Airaldi, el exdirigente de la Sociedad Rural de Diamante acusado de liderar una extensa red narcocriminal. A trav&eacute;s de una resoluci&oacute;n dictaminada hoy en el marco del legajo de actuaciones complementarias (Expediente FPA 008194\/2019), la Justicia determin&oacute; las pautas [&hellip;]<\/p>\n","protected":false},"author":2,"featured_media":32848,"comment_status":"closed","ping_status":"closed","sticky":false,"template":"","format":"standard","meta":{"footnotes":""},"categories":[90,3,8],"tags":[654,879,2111],"class_list":["post-33014","post","type-post","status-publish","format-standard","has-post-thumbnail","hentry","category-judicial","category-locales","category-policiales","tag-ezeiza","tag-leonardo-airaldi","tag-traslado"],"_links":{"self":[{"href":"https:\/\/impactodenoticias.com.ar\/index.php?rest_route=\/wp\/v2\/posts\/33014","targetHints":{"allow":["GET"]}}],"collection":[{"href":"https:\/\/impactodenoticias.com.ar\/index.php?rest_route=\/wp\/v2\/posts"}],"about":[{"href":"https:\/\/impactodenoticias.com.ar\/index.php?rest_route=\/wp\/v2\/types\/post"}],"author":[{"embeddable":true,"href":"https:\/\/impactodenoticias.com.ar\/index.php?rest_route=\/wp\/v2\/users\/2"}],"replies":[{"embeddable":true,"href":"https:\/\/impactodenoticias.com.ar\/index.php?rest_route=%2Fwp%2Fv2%2Fcomments&post=33014"}],"version-history":[{"count":1,"href":"https:\/\/impactodenoticias.com.ar\/index.php?rest_route=\/wp\/v2\/posts\/33014\/revisions"}],"predecessor-version":[{"id":33015,"href":"https:\/\/impactodenoticias.com.ar\/index.php?rest_route=\/wp\/v2\/posts\/33014\/revisions\/33015"}],"wp:featuredmedia":[{"embeddable":true,"href":"https:\/\/impactodenoticias.com.ar\/index.php?rest_route=\/wp\/v2\/media\/32848"}],"wp:attachment":[{"href":"https:\/\/impactodenoticias.com.ar\/index.php?rest_route=%2Fwp%2Fv2%2Fmedia&parent=33014"}],"wp:term":[{"taxonomy":"category","embeddable":true,"href":"https:\/\/impactodenoticias.com.ar\/index.php?rest_route=%2Fwp%2Fv2%2Fcategories&post=33014"},{"taxonomy":"post_tag","embeddable":true,"href":"https:\/\/impactodenoticias.com.ar\/index.php?rest_route=%2Fwp%2Fv2%2Ftags&post=33014"}],"curies":[{"name":"wp","href":"https:\/\/api.w.org\/{rel}","templated":true}]}}