{"id":33016,"date":"2026-02-27T16:13:17","date_gmt":"2026-02-27T19:13:17","guid":{"rendered":"https:\/\/impactodenoticias.com.ar\/?p=33016"},"modified":"2026-03-01T09:17:27","modified_gmt":"2026-03-01T12:17:27","slug":"las-palabras-de-orrico-antes-de-la-sentencia-por-chocar-y-matar-a-cuatro-personas-mantengo-mis-disculpas","status":"publish","type":"post","link":"https:\/\/impactodenoticias.com.ar\/?p=33016","title":{"rendered":"Las palabras de Orrico antes de la sentencia por chocar y matar a cuatro personas: \u00abmantengo mis disculpas\u00bb"},"content":{"rendered":"\n<h2 class=\"wp-block-heading\">En un debate judicial signado por el dolor y la tensi\u00f3n, concluyeron en los tribunales de Concepci\u00f3n del Uruguay los alegatos de clausura en el juicio contra Juan Enrique Ruiz Orrico, exfuncionario provincial imputado por homicidio culposo agravado.<\/h2>\n\n\n\n<p>El proceso judicial contra el ex titular del Instituto Portuario deriva del accidente vial fatal registrado en la madrugada del 20 de junio de 2024 en la ruta provincial 39, donde perdieron la vida cuatro j\u00f3venes de Basavilbaso: Lucas y Brian Izaguirre, Leandro Almada y Axel Rossi.<\/p>\n\n\n\n<p>Uno de los momentos m\u00e1s tensos de la audiencia se dio cuando el ex director del Instituto Portuario de la Provincia tom\u00f3 la palabra para reiterar su responsabilidad y ofrecer disculpas. \u201cSigo manteniendo firme mi ofrecimiento de disculpas, mi ofrecimiento de perd\u00f3n\u201d, manifest\u00f3 el imputado antes de ser interrumpido por el grito de una t\u00eda de las v\u00edctimas, quien debi\u00f3 ser retirada de la sala tras increparlo.<\/p>\n\n\n\n<p>\u201cPedile perd\u00f3n a Dios, hijo de p\u2026\u201d, lanz\u00f3 la mujer. El juez Dar\u00edo Crespo llam\u00f3 al orden para que el acusado complete sus \u00faltimas palabras antes de recibir sentencia.<\/p>\n\n\n\n<p>\u201cDesde ya que no fue mi intenci\u00f3n, vuelvo a reiterar mi responsabilidad\u201c, agreg\u00f3 Orrico.<\/p>\n\n\n\n<p>En los alegatos, la Fiscal\u00eda hizo hincapi\u00e9 en que el hecho era \u201cprevisible y evitable\u201d. De acuerdo a las pericias presentadas, Orrico conduc\u00eda un veh\u00edculo oficial a muy alta velocidad y con un nivel de alcoholemia de 1,52 g\/l detectado horas despu\u00e9s del impacto. La violencia del choque fue tal que el auto de las v\u00edctimas, que circulaba a menor velocidad hacia su trabajo en el frigor\u00edfico Fadel, retrocedi\u00f3 20 metros al recibir el brutal impacto casi frontal.<\/p>\n\n\n\n<p>Por estos motivos, la Fiscal\u00eda pidi\u00f3 una pena de 5 a\u00f1os de prisi\u00f3n de cumplimiento efectivo y 10 a\u00f1os de inhabilitaci\u00f3n para conducir. Por su parte, la querella solicit\u00f3 el m\u00e1ximo legal de 6 a\u00f1os de prisi\u00f3n, argumentando que no existen atenuantes v\u00e1lidos y solicitando la detenci\u00f3n inmediata de Orrico una vez dictada la sentencia.<\/p>\n\n\n\n<p>La defensa de Ruiz Orrico, si bien no solicit\u00f3 la absoluci\u00f3n y valor\u00f3 la confesi\u00f3n del imputado, intent\u00f3 reducir la pena bas\u00e1ndose en un \u201cmenor reproche de culpabilidad\u201d. Argumentaron que las v\u00edctimas crearon un riesgo propio al no utilizar el cintur\u00f3n de seguridad, lo cual, seg\u00fan su postura, incidi\u00f3 en el resultado fatal.<\/p>\n\n\n\n<p>No obstante, los abogados de las familias rechazaron tajantemente este argumento, citando informes m\u00e9dicos forenses que afirmaron que, dada la magnitud \u201cirracional\u201d de la fuerza del impacto, las muertes se habr\u00edan producido de igual manera con o sin cintur\u00f3n.<\/p>\n\n\n\n<p>A la salida de los tribunales, Lorena Dubini, madre de Lucas y Brian Izaguirre, expres\u00f3 su agotamiento tras un a\u00f1o y ocho meses de lucha. \u201cLa justicia me sigue cacheteando\u201d, se\u00f1al\u00f3, calificando de \u201cirrisoria\u201d una posible condena de 6 a\u00f1os por la p\u00e9rdida de cuatro vidas. Solicit\u00f3 al juez que \u201cse ponga la mano en el coraz\u00f3n\u201d y dicte la pena m\u00e1xima para que no haya m\u00e1s v\u00edctimas por hechos similares.<\/p>\n\n\n\n<p><strong>Cual es la fecha para dictar sentencia<\/strong><\/p>\n\n\n\n<p>El juez Dar\u00edo Crespo ser\u00e1 el encargado de dar a conocer el veredicto final. La lectura de la sentencia ha sido programada para el pr\u00f3ximo lunes 9 de marzo a las 8:30 de la ma\u00f1ana en los tribunales de Concepci\u00f3n del Uruguay.<\/p>\n","protected":false},"excerpt":{"rendered":"<p>En un debate judicial signado por el dolor y la tensi&oacute;n, concluyeron en los tribunales de Concepci&oacute;n del Uruguay los alegatos de clausura en el juicio contra Juan Enrique Ruiz Orrico, exfuncionario provincial imputado por homicidio culposo agravado. El proceso judicial contra el ex titular del Instituto Portuario deriva del accidente vial fatal registrado en [&hellip;]<\/p>\n","protected":false},"author":2,"featured_media":33017,"comment_status":"closed","ping_status":"closed","sticky":false,"template":"","format":"standard","meta":{"footnotes":""},"categories":[90,4,49],"tags":[324,106,380],"class_list":["post-33016","post","type-post","status-publish","format-standard","has-post-thumbnail","hentry","category-judicial","category-provinciales","category-sociedad","tag-concepcion-del-uruguay","tag-juan-ruiz-orrico","tag-tribunales"],"_links":{"self":[{"href":"https:\/\/impactodenoticias.com.ar\/index.php?rest_route=\/wp\/v2\/posts\/33016","targetHints":{"allow":["GET"]}}],"collection":[{"href":"https:\/\/impactodenoticias.com.ar\/index.php?rest_route=\/wp\/v2\/posts"}],"about":[{"href":"https:\/\/impactodenoticias.com.ar\/index.php?rest_route=\/wp\/v2\/types\/post"}],"author":[{"embeddable":true,"href":"https:\/\/impactodenoticias.com.ar\/index.php?rest_route=\/wp\/v2\/users\/2"}],"replies":[{"embeddable":true,"href":"https:\/\/impactodenoticias.com.ar\/index.php?rest_route=%2Fwp%2Fv2%2Fcomments&post=33016"}],"version-history":[{"count":1,"href":"https:\/\/impactodenoticias.com.ar\/index.php?rest_route=\/wp\/v2\/posts\/33016\/revisions"}],"predecessor-version":[{"id":33018,"href":"https:\/\/impactodenoticias.com.ar\/index.php?rest_route=\/wp\/v2\/posts\/33016\/revisions\/33018"}],"wp:featuredmedia":[{"embeddable":true,"href":"https:\/\/impactodenoticias.com.ar\/index.php?rest_route=\/wp\/v2\/media\/33017"}],"wp:attachment":[{"href":"https:\/\/impactodenoticias.com.ar\/index.php?rest_route=%2Fwp%2Fv2%2Fmedia&parent=33016"}],"wp:term":[{"taxonomy":"category","embeddable":true,"href":"https:\/\/impactodenoticias.com.ar\/index.php?rest_route=%2Fwp%2Fv2%2Fcategories&post=33016"},{"taxonomy":"post_tag","embeddable":true,"href":"https:\/\/impactodenoticias.com.ar\/index.php?rest_route=%2Fwp%2Fv2%2Ftags&post=33016"}],"curies":[{"name":"wp","href":"https:\/\/api.w.org\/{rel}","templated":true}]}}