{"id":33025,"date":"2026-03-01T08:43:38","date_gmt":"2026-03-01T11:43:38","guid":{"rendered":"https:\/\/impactodenoticias.com.ar\/?p=33025"},"modified":"2026-03-01T08:43:39","modified_gmt":"2026-03-01T11:43:39","slug":"ruta-14-una-rueda-pinchada-provoco-el-vuelco-de-un-auto-y-casi-desata-una-tragedia","status":"publish","type":"post","link":"https:\/\/impactodenoticias.com.ar\/?p=33025","title":{"rendered":"Ruta 14: una rueda pinchada provoc\u00f3 el vuelco de un auto y casi desata una tragedia"},"content":{"rendered":"\n<h2 class=\"wp-block-heading\">Un accidente vial se produjo este s\u00e1bado en la Ruta 14, cuando un conductor perdi\u00f3 el control de su veh\u00edculo y termin\u00f3 volcando. El siniestro vial se registr\u00f3 a la altura de Gualeguaych\u00fa.<\/h2>\n\n\n\n<p>Seg\u00fan recab\u00f3 <strong>IMPACTO DE NOTICIAS<\/strong>, el accidente vial se produjo a ra\u00edz de una pinchadura de neum\u00e1tico, en el kil\u00f3metro 17 y medio de la Autov\u00eda. El rodado circulaba de Buenos Aires a Corrientes, y era conducido por un hombre de 68 a\u00f1os. Adem\u00e1s iban una mujer de 65 a\u00f1os y tres personas m\u00e1s de 24, 28 y 43 a\u00f1os, seg\u00fan informaci\u00f3n oficial.<\/p>\n\n\n\n<p>Tras el accidente vial, los ocupantes fueron llevados de urgencia al Hospital Centenario de Gualeguaych\u00fa. Todos revistieron lesiones leves, solo el hombre de 43 a\u00f1os, que present\u00f3 heridas de gravedad.<\/p>\n","protected":false},"excerpt":{"rendered":"<p>Un accidente vial se produjo este s&aacute;bado en la Ruta 14, cuando un conductor perdi&oacute; el control de su veh&iacute;culo y termin&oacute; volcando. El siniestro vial se registr&oacute; a la altura de Gualeguaych&uacute;. Seg&uacute;n recab&oacute; IMPACTO DE NOTICIAS, el accidente vial se produjo a ra&iacute;z de una pinchadura de neum&aacute;tico, en el kil&oacute;metro 17 y [&hellip;]<\/p>\n","protected":false},"author":2,"featured_media":33026,"comment_status":"closed","ping_status":"closed","sticky":false,"template":"","format":"standard","meta":{"footnotes":""},"categories":[8,4],"tags":[120,394,828],"class_list":["post-33025","post","type-post","status-publish","format-standard","has-post-thumbnail","hentry","category-policiales","category-provinciales","tag-accidente","tag-heridos","tag-ruta-14"],"_links":{"self":[{"href":"https:\/\/impactodenoticias.com.ar\/index.php?rest_route=\/wp\/v2\/posts\/33025","targetHints":{"allow":["GET"]}}],"collection":[{"href":"https:\/\/impactodenoticias.com.ar\/index.php?rest_route=\/wp\/v2\/posts"}],"about":[{"href":"https:\/\/impactodenoticias.com.ar\/index.php?rest_route=\/wp\/v2\/types\/post"}],"author":[{"embeddable":true,"href":"https:\/\/impactodenoticias.com.ar\/index.php?rest_route=\/wp\/v2\/users\/2"}],"replies":[{"embeddable":true,"href":"https:\/\/impactodenoticias.com.ar\/index.php?rest_route=%2Fwp%2Fv2%2Fcomments&post=33025"}],"version-history":[{"count":1,"href":"https:\/\/impactodenoticias.com.ar\/index.php?rest_route=\/wp\/v2\/posts\/33025\/revisions"}],"predecessor-version":[{"id":33027,"href":"https:\/\/impactodenoticias.com.ar\/index.php?rest_route=\/wp\/v2\/posts\/33025\/revisions\/33027"}],"wp:featuredmedia":[{"embeddable":true,"href":"https:\/\/impactodenoticias.com.ar\/index.php?rest_route=\/wp\/v2\/media\/33026"}],"wp:attachment":[{"href":"https:\/\/impactodenoticias.com.ar\/index.php?rest_route=%2Fwp%2Fv2%2Fmedia&parent=33025"}],"wp:term":[{"taxonomy":"category","embeddable":true,"href":"https:\/\/impactodenoticias.com.ar\/index.php?rest_route=%2Fwp%2Fv2%2Fcategories&post=33025"},{"taxonomy":"post_tag","embeddable":true,"href":"https:\/\/impactodenoticias.com.ar\/index.php?rest_route=%2Fwp%2Fv2%2Ftags&post=33025"}],"curies":[{"name":"wp","href":"https:\/\/api.w.org\/{rel}","templated":true}]}}