{"id":33028,"date":"2026-03-01T08:54:29","date_gmt":"2026-03-01T11:54:29","guid":{"rendered":"https:\/\/impactodenoticias.com.ar\/?p=33028"},"modified":"2026-03-01T08:54:29","modified_gmt":"2026-03-01T11:54:29","slug":"concepcion-del-uruguay-incendio-destruyo-totalmente-dos-cabanas-de-madera","status":"publish","type":"post","link":"https:\/\/impactodenoticias.com.ar\/?p=33028","title":{"rendered":"Concepci\u00f3n del Uruguay: incendio destruy\u00f3 totalmente dos caba\u00f1as de madera"},"content":{"rendered":"\n<h2 class=\"wp-block-heading\">En las primeras horas de este s\u00e1bado, aproximadamente a la 01:50, un incendio de gran magnitud se desat\u00f3 en un predio ubicado en calle 20 del Oeste Norte al 217, en la zona oeste de la ciudad.<\/h2>\n\n\n\n<p>De acuerdo a los primeros reportes precisados por la Comisar\u00eda Segunda, el fuego habr\u00eda comenzado por un presunto cortocircuito en el interior del departamento n\u00famero 1, una caba\u00f1a de madera perteneciente a un joven de 24 a\u00f1os.<\/p>\n\n\n\n<p>La naturaleza altamente inflamable de las estructuras de madera facilit\u00f3 la veloz propagaci\u00f3n del fuego, que en pocos minutos alcanz\u00f3 una segunda caba\u00f1a contigua, propiedad de otro joven de la misma edad. Ambas viviendas quedaron completamente destruidas, perdi\u00e9ndose techos, estructuras internas y mobiliario.<\/p>\n\n\n\n<p>Trabajaron intensamente tres dotaciones de Bomberos Voluntarios, para sofocar las llamas y evitar que el fuego se extendiera a otros departamentos de material que se encuentran en el mismo predio. Afortunadamente y a pesar de la magnitud del incendio, no se registraron personas lesionadas.<\/p>\n\n\n\n<p>Una vez controlado el siniestro, la polic\u00eda resguard\u00f3 el per\u00edmetro afectado.<\/p>\n","protected":false},"excerpt":{"rendered":"<p>En las primeras horas de este s&aacute;bado, aproximadamente a la 01:50, un incendio de gran magnitud se desat&oacute; en un predio ubicado en calle 20 del Oeste Norte al 217, en la zona oeste de la ciudad. De acuerdo a los primeros reportes precisados por la Comisar&iacute;a Segunda, el fuego habr&iacute;a comenzado por un presunto [&hellip;]<\/p>\n","protected":false},"author":2,"featured_media":33029,"comment_status":"closed","ping_status":"closed","sticky":false,"template":"","format":"standard","meta":{"footnotes":""},"categories":[8,4],"tags":[6621,324,227],"class_list":["post-33028","post","type-post","status-publish","format-standard","has-post-thumbnail","hentry","category-policiales","category-provinciales","tag-cabanas","tag-concepcion-del-uruguay","tag-incendio"],"_links":{"self":[{"href":"https:\/\/impactodenoticias.com.ar\/index.php?rest_route=\/wp\/v2\/posts\/33028","targetHints":{"allow":["GET"]}}],"collection":[{"href":"https:\/\/impactodenoticias.com.ar\/index.php?rest_route=\/wp\/v2\/posts"}],"about":[{"href":"https:\/\/impactodenoticias.com.ar\/index.php?rest_route=\/wp\/v2\/types\/post"}],"author":[{"embeddable":true,"href":"https:\/\/impactodenoticias.com.ar\/index.php?rest_route=\/wp\/v2\/users\/2"}],"replies":[{"embeddable":true,"href":"https:\/\/impactodenoticias.com.ar\/index.php?rest_route=%2Fwp%2Fv2%2Fcomments&post=33028"}],"version-history":[{"count":1,"href":"https:\/\/impactodenoticias.com.ar\/index.php?rest_route=\/wp\/v2\/posts\/33028\/revisions"}],"predecessor-version":[{"id":33030,"href":"https:\/\/impactodenoticias.com.ar\/index.php?rest_route=\/wp\/v2\/posts\/33028\/revisions\/33030"}],"wp:featuredmedia":[{"embeddable":true,"href":"https:\/\/impactodenoticias.com.ar\/index.php?rest_route=\/wp\/v2\/media\/33029"}],"wp:attachment":[{"href":"https:\/\/impactodenoticias.com.ar\/index.php?rest_route=%2Fwp%2Fv2%2Fmedia&parent=33028"}],"wp:term":[{"taxonomy":"category","embeddable":true,"href":"https:\/\/impactodenoticias.com.ar\/index.php?rest_route=%2Fwp%2Fv2%2Fcategories&post=33028"},{"taxonomy":"post_tag","embeddable":true,"href":"https:\/\/impactodenoticias.com.ar\/index.php?rest_route=%2Fwp%2Fv2%2Ftags&post=33028"}],"curies":[{"name":"wp","href":"https:\/\/api.w.org\/{rel}","templated":true}]}}