{"id":33031,"date":"2026-03-01T08:58:20","date_gmt":"2026-03-01T11:58:20","guid":{"rendered":"https:\/\/impactodenoticias.com.ar\/?p=33031"},"modified":"2026-03-01T08:58:20","modified_gmt":"2026-03-01T11:58:20","slug":"villaguay-nina-herida-tras-un-accidente-de-transito-entre-un-auto-y-una-camioneta","status":"publish","type":"post","link":"https:\/\/impactodenoticias.com.ar\/?p=33031","title":{"rendered":"Villaguay: ni\u00f1a herida tras un accidente de tr\u00e1nsito entre un auto y una camioneta"},"content":{"rendered":"\n<h2 class=\"wp-block-heading\">Un accidente vial seregistr\u00f3 este s\u00e1bado cerca de las 16:30, cuando, por causas que se est\u00e1n investigando, chocaron un autom\u00f3vil y una camioneta en la intersecci\u00f3n de calles Santa Cruz y R\u00edo Negro.<\/h2>\n\n\n\n<p>Los veh\u00edculos involucrados fueron un Volkswagen Gol Trend y una camioneta Ford F-100 que circulaban por dichas arterias. Debido a la violencia del impacto, una menor de edad que viajaba como acompa\u00f1ante en el auto result\u00f3 lesionada.<\/p>\n\n\n\n<p>La ni\u00f1a fue asistida con suma celeridad en el lugar y fue posteriormente trasladada en ambulancia hacia el nosocomio local. Luego de ser examinada por el profesional m\u00e9dico de turno, se determin\u00f3 que presentaba lesiones de car\u00e1cter leve.<\/p>\n\n\n\n<p>En el lugar del hecho trabaj\u00f3 personal de la Secci\u00f3n Comando Radioel\u00e9ctrico, Motorizada, Judiciales y la Divisi\u00f3n Tr\u00e1nsito, llevando a cabo las pericias de rigor para establecer las circunstancias exactas del siniestro.<\/p>\n","protected":false},"excerpt":{"rendered":"<p>Un accidente vial seregistr&oacute; este s&aacute;bado cerca de las 16:30, cuando, por causas que se est&aacute;n investigando, chocaron un autom&oacute;vil y una camioneta en la intersecci&oacute;n de calles Santa Cruz y R&iacute;o Negro. Los veh&iacute;culos involucrados fueron un Volkswagen Gol Trend y una camioneta Ford F-100 que circulaban por dichas arterias. Debido a la violencia [&hellip;]<\/p>\n","protected":false},"author":2,"featured_media":33032,"comment_status":"closed","ping_status":"closed","sticky":false,"template":"","format":"standard","meta":{"footnotes":""},"categories":[8,4],"tags":[120,2055,666,55],"class_list":["post-33031","post","type-post","status-publish","format-standard","has-post-thumbnail","hentry","category-policiales","category-provinciales","tag-accidente","tag-herida","tag-nina","tag-villaguay"],"_links":{"self":[{"href":"https:\/\/impactodenoticias.com.ar\/index.php?rest_route=\/wp\/v2\/posts\/33031","targetHints":{"allow":["GET"]}}],"collection":[{"href":"https:\/\/impactodenoticias.com.ar\/index.php?rest_route=\/wp\/v2\/posts"}],"about":[{"href":"https:\/\/impactodenoticias.com.ar\/index.php?rest_route=\/wp\/v2\/types\/post"}],"author":[{"embeddable":true,"href":"https:\/\/impactodenoticias.com.ar\/index.php?rest_route=\/wp\/v2\/users\/2"}],"replies":[{"embeddable":true,"href":"https:\/\/impactodenoticias.com.ar\/index.php?rest_route=%2Fwp%2Fv2%2Fcomments&post=33031"}],"version-history":[{"count":1,"href":"https:\/\/impactodenoticias.com.ar\/index.php?rest_route=\/wp\/v2\/posts\/33031\/revisions"}],"predecessor-version":[{"id":33033,"href":"https:\/\/impactodenoticias.com.ar\/index.php?rest_route=\/wp\/v2\/posts\/33031\/revisions\/33033"}],"wp:featuredmedia":[{"embeddable":true,"href":"https:\/\/impactodenoticias.com.ar\/index.php?rest_route=\/wp\/v2\/media\/33032"}],"wp:attachment":[{"href":"https:\/\/impactodenoticias.com.ar\/index.php?rest_route=%2Fwp%2Fv2%2Fmedia&parent=33031"}],"wp:term":[{"taxonomy":"category","embeddable":true,"href":"https:\/\/impactodenoticias.com.ar\/index.php?rest_route=%2Fwp%2Fv2%2Fcategories&post=33031"},{"taxonomy":"post_tag","embeddable":true,"href":"https:\/\/impactodenoticias.com.ar\/index.php?rest_route=%2Fwp%2Fv2%2Ftags&post=33031"}],"curies":[{"name":"wp","href":"https:\/\/api.w.org\/{rel}","templated":true}]}}